{"id":2599,"date":"2023-12-08T10:14:00","date_gmt":"2023-12-08T07:14:00","guid":{"rendered":"https:\/\/haberkaradenizim.com\/index.php\/2023\/12\/08\/hekimler-ttb-biziz-hekimlik-yargilanamaz-ttb-susturulamaz\/"},"modified":"2023-12-08T10:14:00","modified_gmt":"2023-12-08T07:14:00","slug":"hekimler-ttb-biziz-hekimlik-yargilanamaz-ttb-susturulamaz","status":"publish","type":"post","link":"https:\/\/haberkaradenizim.com\/index.php\/2023\/12\/08\/hekimler-ttb-biziz-hekimlik-yargilanamaz-ttb-susturulamaz\/","title":{"rendered":"Hekimler: \u201cTTB biziz\u201d, \u201cHekimlik yarg\u0131lanamaz, TTB susturulamaz\u201d"},"content":{"rendered":"<p><img decoding=\"async\" src=\"https:\/\/saglikpersonelihabernet.teimg.com\/crop\/1280x720\/saglikpersonelihaber-net\/uploads\/2023\/12\/hekimler2.jpg\" \/><br \/>Hekimler, &#8220;TTB biziz&#8221;, &#8220;Hekimlik yarg\u0131lanamaz, TTB susturulamaz&#8221;, &#8220;Mesle\u011fimize ve meslek \u00f6rg\u00fct\u00fcm\u00fcze sahip \u00e7\u0131k\u0131yoruz&#8221; ve &#8220;G\u00f6revimizin ba\u015f\u0131nday\u0131z&#8221; yaz\u0131l\u0131 d\u00f6vizler ta\u015f\u0131yarak tepkilerini dile getirdi.<\/p>\n<p>Sa\u011fl\u0131k ve Sosyal Hizmet Emek\u00e7ileri Sendikas\u0131 (SES), E\u011fitim-Sen, Dev Sa\u011fl\u0131k-\u0130\u015f, \u0130\u015f\u00e7i Sa\u011fl\u0131\u011f\u0131 ve \u0130\u015f G\u00fcvenli\u011fi Meclisi (\u0130S\u0130G), T\u00fcm Emeklilerin Sendikas\u0131 \u00fcyeleri ve bir\u00e7ok sivil toplum kurulu\u015fu da eyleme destek verdi. Bas\u0131n a\u00e7\u0131klamas\u0131n\u0131 \u0130stanbul Tabip Odas\u0131 Y\u00f6netim Kurulu \u00dcyesi Dr. Ay\u015fen Yavru grup ad\u0131na yaparak, TTB&#8217;nin tarih boyunca iktidarlar\u0131n hedefinde oldu\u011funu ve hekimlerin se\u00e7me haklar\u0131n\u0131n gasp edildi\u011fini belirtti.<\/p>\n<p>Dr. Yavru, &#8220;Ve \u2018kayyum\u2019 unsuru ta\u015f\u0131yan bu durumla hekim iradesinin \u00f6n\u00fcne ge\u00e7ilmi\u015ftir. TTB\u2019nin g\u00fcc\u00fc de sesi de hekimlerdir, bu \u00fclkede sa\u011fl\u0131k hizmetlerini y\u00fcr\u00fcten hekim eme\u011fidir&#8221; dedi. \u00d6te yandan, 135 kurumdan TTB&#8217;ye destek a\u00e7\u0131klamas\u0131 geldi.<\/p>\n","protected":false},"excerpt":{"rendered":"<p>Hekimler, &#8220;TTB biziz&#8221;, &#8220;Hekimlik yarg\u0131lanamaz, TTB susturulamaz&#8221;, &#8220;Mesle\u011fimize ve meslek \u00f6rg\u00fct\u00fcm\u00fcze sahip \u00e7\u0131k\u0131yoruz&#8221; ve &#8220;G\u00f6revimizin<\/p>\n","protected":false},"author":1,"featured_media":2600,"comment_status":"open","ping_status":"open","sticky":false,"template":"","format":"standard","meta":{"footnotes":""},"categories":[27],"tags":[],"class_list":["post-2599","post","type-post","status-publish","format-standard","has-post-thumbnail","hentry","category-saglik"],"_links":{"self":[{"href":"https:\/\/haberkaradenizim.com\/index.php\/wp-json\/wp\/v2\/posts\/2599","targetHints":{"allow":["GET"]}}],"collection":[{"href":"https:\/\/haberkaradenizim.com\/index.php\/wp-json\/wp\/v2\/posts"}],"about":[{"href":"https:\/\/haberkaradenizim.com\/index.php\/wp-json\/wp\/v2\/types\/post"}],"author":[{"embeddable":true,"href":"https:\/\/haberkaradenizim.com\/index.php\/wp-json\/wp\/v2\/users\/1"}],"replies":[{"embeddable":true,"href":"https:\/\/haberkaradenizim.com\/index.php\/wp-json\/wp\/v2\/comments?post=2599"}],"version-history":[{"count":0,"href":"https:\/\/haberkaradenizim.com\/index.php\/wp-json\/wp\/v2\/posts\/2599\/revisions"}],"wp:featuredmedia":[{"embeddable":true,"href":"https:\/\/haberkaradenizim.com\/index.php\/wp-json\/wp\/v2\/media\/2600"}],"wp:attachment":[{"href":"https:\/\/haberkaradenizim.com\/index.php\/wp-json\/wp\/v2\/media?parent=2599"}],"wp:term":[{"taxonomy":"category","embeddable":true,"href":"https:\/\/haberkaradenizim.com\/index.php\/wp-json\/wp\/v2\/categories?post=2599"},{"taxonomy":"post_tag","embeddable":true,"href":"https:\/\/haberkaradenizim.com\/index.php\/wp-json\/wp\/v2\/tags?post=2599"}],"curies":[{"name":"wp","href":"https:\/\/api.w.org\/{rel}","templated":true}]}}