{"id":2597,"date":"2023-12-08T09:35:06","date_gmt":"2023-12-08T06:35:06","guid":{"rendered":"https:\/\/haberkaradenizim.com\/index.php\/2023\/12\/08\/kopenhag-galatasaray-maci-oncesi-danimarka-polisinden-dikkat-ceken-onlem\/"},"modified":"2023-12-08T09:35:06","modified_gmt":"2023-12-08T06:35:06","slug":"kopenhag-galatasaray-maci-oncesi-danimarka-polisinden-dikkat-ceken-onlem","status":"publish","type":"post","link":"https:\/\/haberkaradenizim.com\/index.php\/2023\/12\/08\/kopenhag-galatasaray-maci-oncesi-danimarka-polisinden-dikkat-ceken-onlem\/","title":{"rendered":"Kopenhag &#8211; Galatasaray ma\u00e7\u0131 \u00f6ncesi Danimarka polisinden dikkat \u00e7eken \u00f6nlem!"},"content":{"rendered":"<p><<img decoding=\"async\" src=\"https:\/\/iaftm.tmgrup.com.tr\/b4b340\/622\/349\/0\/0\/800\/449?u=https:\/\/iftm.tmgrup.com.tr\/2023\/12\/08\/kopenhag-galatasaray-maci-oncesi-danimarka-polisinden-dikkat-ceken-onlem-1702015799799.jpg\" alt=\"Kopenhag - Galatasaray ma\u00e7\u0131 \u00f6ncesi Danimarka polisinden dikkat \u00e7eken \u00f6nlem!\" \/><br \/>Son dakika Galatasaray haberleri&#8230; Galatasaray, UEFA \u015eampiyonlar Ligi gruplar\u0131ndaki son ma\u00e7\u0131nda deplasmanda Kopenhag ile kar\u015f\u0131la\u015facak. M\u00fccadele, gruptan \u00e7\u0131kacak tak\u0131m\u0131 belirlemesi a\u00e7\u0131s\u0131ndan kritik&#8230;&#8230;<a href=\"https:\/\/www.fotomac.com.tr\/galatasaray\/2023\/12\/08\/kopenhag-galatasaray-maci-oncesi-danimarka-polisinden-dikkat-ceken-onlem\">Devam\u0131 i\u00e7in t\u0131klay\u0131n\u0131z<\/a><\/p>\n","protected":false},"excerpt":{"rendered":"","protected":false},"author":1,"featured_media":2598,"comment_status":"open","ping_status":"open","sticky":false,"template":"","format":"standard","meta":{"footnotes":""},"categories":[29],"tags":[],"class_list":["post-2597","post","type-post","status-publish","format-standard","has-post-thumbnail","hentry","category-spor"],"_links":{"self":[{"href":"https:\/\/haberkaradenizim.com\/index.php\/wp-json\/wp\/v2\/posts\/2597","targetHints":{"allow":["GET"]}}],"collection":[{"href":"https:\/\/haberkaradenizim.com\/index.php\/wp-json\/wp\/v2\/posts"}],"about":[{"href":"https:\/\/haberkaradenizim.com\/index.php\/wp-json\/wp\/v2\/types\/post"}],"author":[{"embeddable":true,"href":"https:\/\/haberkaradenizim.com\/index.php\/wp-json\/wp\/v2\/users\/1"}],"replies":[{"embeddable":true,"href":"https:\/\/haberkaradenizim.com\/index.php\/wp-json\/wp\/v2\/comments?post=2597"}],"version-history":[{"count":0,"href":"https:\/\/haberkaradenizim.com\/index.php\/wp-json\/wp\/v2\/posts\/2597\/revisions"}],"wp:featuredmedia":[{"embeddable":true,"href":"https:\/\/haberkaradenizim.com\/index.php\/wp-json\/wp\/v2\/media\/2598"}],"wp:attachment":[{"href":"https:\/\/haberkaradenizim.com\/index.php\/wp-json\/wp\/v2\/media?parent=2597"}],"wp:term":[{"taxonomy":"category","embeddable":true,"href":"https:\/\/haberkaradenizim.com\/index.php\/wp-json\/wp\/v2\/categories?post=2597"},{"taxonomy":"post_tag","embeddable":true,"href":"https:\/\/haberkaradenizim.com\/index.php\/wp-json\/wp\/v2\/tags?post=2597"}],"curies":[{"name":"wp","href":"https:\/\/api.w.org\/{rel}","templated":true}]}}