{"id":2591,"date":"2023-12-07T12:18:00","date_gmt":"2023-12-07T09:18:00","guid":{"rendered":"https:\/\/haberkaradenizim.com\/index.php\/2023\/12\/07\/doktoru-darp-eden-ogretmen-gorevden-alindi\/"},"modified":"2023-12-07T12:18:00","modified_gmt":"2023-12-07T09:18:00","slug":"doktoru-darp-eden-ogretmen-gorevden-alindi","status":"publish","type":"post","link":"https:\/\/haberkaradenizim.com\/index.php\/2023\/12\/07\/doktoru-darp-eden-ogretmen-gorevden-alindi\/","title":{"rendered":"Doktoru Darp Eden \u00d6\u011fretmen G\u00f6revden Al\u0131nd\u0131!"},"content":{"rendered":"<p><img decoding=\"async\" src=\"https:\/\/saglikpersonelihabernet.teimg.com\/crop\/1280x720\/saglikpersonelihaber-net\/uploads\/2023\/12\/doktoru-darp-eden-ogretmen-gorevden-alindi.jpg\" \/><br \/>Gaziantep Valili\u011fi&#8217;nin a\u00e7\u0131klamas\u0131nda,<\/p>\n<p>&#8220;\u0130limiz \u015eehitkamil il\u00e7esinde 7 No\u2019lu Aile Sa\u011fl\u0131\u011f\u0131 Merkezinde A.H.T isimli \u015fahs\u0131n Dr. Kamile Berfin \u00c7EV\u0130K\u2019e fiziksel \u015fiddet uygulad\u0131\u011f\u0131 gerek\u00e7esiyle emniyet g\u00fc\u00e7lerimize \u015fikayette bulunulmu\u015ftur. Olay\u0131n ard\u0131ndan yap\u0131lan incelemede A.H.T isimli \u015fah\u0131s g\u00f6z alt\u0131na al\u0131nm\u0131\u015ft\u0131r. \u015eahs\u0131n \u00fccretli \u00f6\u011fretmenlik yapt\u0131\u011f\u0131 anla\u015f\u0131ld\u0131\u011f\u0131ndan \u0130l Milli E\u011fitim M\u00fcd\u00fcrl\u00fc\u011f\u00fcm\u00fcz taraf\u0131ndan inceleme ve soru\u015fturma s\u00fcreci ba\u015flat\u0131lm\u0131\u015f ve bug\u00fcn itibar\u0131 ile g\u00f6revine son verilmi\u015ftir. A.H.T isimli \u015fah\u0131s, adli kontrol \u015fart\u0131yla serbest b\u0131rak\u0131lm\u0131\u015ft\u0131r. Valili\u011fimiz taraf\u0131ndan s\u00fcre\u00e7 titizlikle takip edilmektedir. Kamuoyuna sayg\u0131yla duyurulur&#8221;<\/p>\n<p>ifadelerine yer verildi.<\/p>\n<p>Ya\u015fanan olay sonras\u0131nda \u015f\u00fcpheli A.H.T&#8217;nin adli kontrol \u015fart\u0131yla serbest b\u0131rak\u0131ld\u0131\u011f\u0131, ancak Valilik taraf\u0131ndan s\u00fcrecin titizlikle takip edildi\u011fi belirtilerek kamuoyuna duyuruldu.<\/p>\n","protected":false},"excerpt":{"rendered":"<p>Gaziantep Valili\u011fi&#8217;nin a\u00e7\u0131klamas\u0131nda, &#8220;\u0130limiz \u015eehitkamil il\u00e7esinde 7 No\u2019lu Aile Sa\u011fl\u0131\u011f\u0131 Merkezinde A.H.T isimli \u015fahs\u0131n Dr.<\/p>\n","protected":false},"author":1,"featured_media":2592,"comment_status":"open","ping_status":"open","sticky":false,"template":"","format":"standard","meta":{"footnotes":""},"categories":[27],"tags":[],"class_list":["post-2591","post","type-post","status-publish","format-standard","has-post-thumbnail","hentry","category-saglik"],"_links":{"self":[{"href":"https:\/\/haberkaradenizim.com\/index.php\/wp-json\/wp\/v2\/posts\/2591","targetHints":{"allow":["GET"]}}],"collection":[{"href":"https:\/\/haberkaradenizim.com\/index.php\/wp-json\/wp\/v2\/posts"}],"about":[{"href":"https:\/\/haberkaradenizim.com\/index.php\/wp-json\/wp\/v2\/types\/post"}],"author":[{"embeddable":true,"href":"https:\/\/haberkaradenizim.com\/index.php\/wp-json\/wp\/v2\/users\/1"}],"replies":[{"embeddable":true,"href":"https:\/\/haberkaradenizim.com\/index.php\/wp-json\/wp\/v2\/comments?post=2591"}],"version-history":[{"count":0,"href":"https:\/\/haberkaradenizim.com\/index.php\/wp-json\/wp\/v2\/posts\/2591\/revisions"}],"wp:featuredmedia":[{"embeddable":true,"href":"https:\/\/haberkaradenizim.com\/index.php\/wp-json\/wp\/v2\/media\/2592"}],"wp:attachment":[{"href":"https:\/\/haberkaradenizim.com\/index.php\/wp-json\/wp\/v2\/media?parent=2591"}],"wp:term":[{"taxonomy":"category","embeddable":true,"href":"https:\/\/haberkaradenizim.com\/index.php\/wp-json\/wp\/v2\/categories?post=2591"},{"taxonomy":"post_tag","embeddable":true,"href":"https:\/\/haberkaradenizim.com\/index.php\/wp-json\/wp\/v2\/tags?post=2591"}],"curies":[{"name":"wp","href":"https:\/\/api.w.org\/{rel}","templated":true}]}}