{"id":2589,"date":"2023-12-07T09:22:52","date_gmt":"2023-12-07T06:22:52","guid":{"rendered":"https:\/\/haberkaradenizim.com\/index.php\/2023\/12\/07\/fenerbahce-haberleri-ismail-yukseke-iki-ingiliz-talip-birden\/"},"modified":"2023-12-07T09:22:52","modified_gmt":"2023-12-07T06:22:52","slug":"fenerbahce-haberleri-ismail-yukseke-iki-ingiliz-talip-birden","status":"publish","type":"post","link":"https:\/\/haberkaradenizim.com\/index.php\/2023\/12\/07\/fenerbahce-haberleri-ismail-yukseke-iki-ingiliz-talip-birden\/","title":{"rendered":"FENERBAH\u00c7E HABERLER\u0130 &#8211; \u0130smail Y\u00fcksek&#039;e iki \u0130ngiliz talip birden!"},"content":{"rendered":"<p><<img decoding=\"async\" src=\"https:\/\/iaftm.tmgrup.com.tr\/dc34e6\/622\/349\/0\/0\/943\/528?u=https:\/\/iftm.tmgrup.com.tr\/2023\/12\/07\/fenerbahce-haberleri-ismail-yukseke-iki-ingiliz-talip-birden-1701928093919.jpg\" alt=\"FENERBAH\u00c7E HABERLER\u0130 - \u0130smail Y\u00fcksek'e iki \u0130ngiliz talip birden!\" \/><br \/>Son dakika Fenerbah\u00e7e transfer haberleri&#8230; Bu sezon Fenerbah\u00e7e formas\u0131yla ba\u015far\u0131l\u0131 bir grafik \u00e7izen \u0130smail Y\u00fcksek, transfer piyasas\u0131nda ad\u0131ndan s\u00f6z ettiriyor. Gen\u00e7 futbolcuya iki \u0130ngiliz tak\u0131m\u0131 talip&#8230;<a href=\"https:\/\/www.fotomac.com.tr\/fenerbahce\/2023\/12\/07\/fenerbahce-haberleri-ismail-yukseke-iki-ingiliz-talip-birden\">Devam\u0131 i\u00e7in t\u0131klay\u0131n\u0131z<\/a><\/p>\n","protected":false},"excerpt":{"rendered":"","protected":false},"author":1,"featured_media":2590,"comment_status":"open","ping_status":"open","sticky":false,"template":"","format":"standard","meta":{"footnotes":""},"categories":[29],"tags":[],"class_list":["post-2589","post","type-post","status-publish","format-standard","has-post-thumbnail","hentry","category-spor"],"_links":{"self":[{"href":"https:\/\/haberkaradenizim.com\/index.php\/wp-json\/wp\/v2\/posts\/2589","targetHints":{"allow":["GET"]}}],"collection":[{"href":"https:\/\/haberkaradenizim.com\/index.php\/wp-json\/wp\/v2\/posts"}],"about":[{"href":"https:\/\/haberkaradenizim.com\/index.php\/wp-json\/wp\/v2\/types\/post"}],"author":[{"embeddable":true,"href":"https:\/\/haberkaradenizim.com\/index.php\/wp-json\/wp\/v2\/users\/1"}],"replies":[{"embeddable":true,"href":"https:\/\/haberkaradenizim.com\/index.php\/wp-json\/wp\/v2\/comments?post=2589"}],"version-history":[{"count":0,"href":"https:\/\/haberkaradenizim.com\/index.php\/wp-json\/wp\/v2\/posts\/2589\/revisions"}],"wp:featuredmedia":[{"embeddable":true,"href":"https:\/\/haberkaradenizim.com\/index.php\/wp-json\/wp\/v2\/media\/2590"}],"wp:attachment":[{"href":"https:\/\/haberkaradenizim.com\/index.php\/wp-json\/wp\/v2\/media?parent=2589"}],"wp:term":[{"taxonomy":"category","embeddable":true,"href":"https:\/\/haberkaradenizim.com\/index.php\/wp-json\/wp\/v2\/categories?post=2589"},{"taxonomy":"post_tag","embeddable":true,"href":"https:\/\/haberkaradenizim.com\/index.php\/wp-json\/wp\/v2\/tags?post=2589"}],"curies":[{"name":"wp","href":"https:\/\/api.w.org\/{rel}","templated":true}]}}