{"id":2585,"date":"2023-12-06T21:17:08","date_gmt":"2023-12-06T18:17:08","guid":{"rendered":"https:\/\/haberkaradenizim.com\/index.php\/2023\/12\/06\/trabzonspor-ahlatci-corum-fk-maci-canli-izle-ziraat-turkiye-kupasi\/"},"modified":"2023-12-06T21:17:08","modified_gmt":"2023-12-06T18:17:08","slug":"trabzonspor-ahlatci-corum-fk-maci-canli-izle-ziraat-turkiye-kupasi","status":"publish","type":"post","link":"https:\/\/haberkaradenizim.com\/index.php\/2023\/12\/06\/trabzonspor-ahlatci-corum-fk-maci-canli-izle-ziraat-turkiye-kupasi\/","title":{"rendered":"Trabzonspor &#8211; Ahlatc\u0131 \u00c7orum FK ma\u00e7\u0131 CANLI \u0130ZLE | Ziraat T\u00fcrkiye Kupas\u0131"},"content":{"rendered":"<p><<img decoding=\"async\" src=\"https:\/\/iaftm.tmgrup.com.tr\/1b6c4d\/622\/349\/0\/3\/829\/469?u=https:\/\/iftm.tmgrup.com.tr\/2023\/12\/06\/trabzonspor-ahlatci-corum-fk-maci-canli-izle-ziraat-turkiye-kupasi-1701880768001.jpg\" \/><\/p>\n<div id=\"newsDetailCheck\">\n<p>Ziraat T\u00fcrkiye Kupas\u0131&#8217;nda heyecan kald\u0131\u011f\u0131 yerden devam ediyor. Turkuvaz Medya&#8217;n\u0131n yay\u0131nc\u0131l\u0131\u011f\u0131n\u0131 \u00fcstlendi\u011fi T\u00fcrkiye&#8217;nin 1 numaral\u0131 kupas\u0131nda 4. tur ma\u00e7lar\u0131 oynan\u0131yor.<\/p>\n<p>4. tur ma\u00e7\u0131nda Trendyol S\u00fcper Lig ekibi Trabzonspor ile TFF 1. Lig ekibi Ahlatc\u0131 \u00c7orum FK kozlar\u0131n\u0131 payla\u015f\u0131yor.<\/p>\n<p>Papara Park&#8217;ta oynanan kar\u015f\u0131la\u015fmada hakem Diren\u00e7 Tonusluo\u011flu d\u00fcd\u00fck \u00e7al\u0131yor.<\/p>\n<p>Trabzonspor ile Ahlatc\u0131 \u00c7orum FK aras\u0131nda oynanan Ziraat T\u00fcrkiye Kupas\u0131 4. tur ma\u00e7\u0131n\u0131 A Spor&#8217;dan naklen ve \u015fifresiz izleyebilirsiniz.<\/p>\n<p><strong>TRABZONSPOR &#8211; AHLATCI \u00c7ORUM FK MA\u00c7ININ \u0130LK 11&#8217;LER\u0130<\/strong><\/p>\n<p><strong>Trabzonspor: <\/strong>U\u011furcan, Mehmet Can, Baniya, Benkovic, Eren, Mendy, Umut, Visca, Bakasetas, Fountas, Enis.<\/p>\n<p><strong>Ahlatc\u0131 \u00c7orum FK: <\/strong>Ali, Berkay, Adem, Atakan, S\u00fcleyman, Murat, Guluk, G\u00f6khan, Suat, Ahmet \u0130lhan, Verheijdt.<\/p>\n<p><strong>MA\u00c7IN GOLLER\u0130:<\/strong><\/p>\n<\/p><\/div>\n","protected":false},"excerpt":{"rendered":"","protected":false},"author":1,"featured_media":2586,"comment_status":"open","ping_status":"open","sticky":false,"template":"","format":"standard","meta":{"footnotes":""},"categories":[29],"tags":[],"class_list":["post-2585","post","type-post","status-publish","format-standard","has-post-thumbnail","hentry","category-spor"],"_links":{"self":[{"href":"https:\/\/haberkaradenizim.com\/index.php\/wp-json\/wp\/v2\/posts\/2585","targetHints":{"allow":["GET"]}}],"collection":[{"href":"https:\/\/haberkaradenizim.com\/index.php\/wp-json\/wp\/v2\/posts"}],"about":[{"href":"https:\/\/haberkaradenizim.com\/index.php\/wp-json\/wp\/v2\/types\/post"}],"author":[{"embeddable":true,"href":"https:\/\/haberkaradenizim.com\/index.php\/wp-json\/wp\/v2\/users\/1"}],"replies":[{"embeddable":true,"href":"https:\/\/haberkaradenizim.com\/index.php\/wp-json\/wp\/v2\/comments?post=2585"}],"version-history":[{"count":0,"href":"https:\/\/haberkaradenizim.com\/index.php\/wp-json\/wp\/v2\/posts\/2585\/revisions"}],"wp:featuredmedia":[{"embeddable":true,"href":"https:\/\/haberkaradenizim.com\/index.php\/wp-json\/wp\/v2\/media\/2586"}],"wp:attachment":[{"href":"https:\/\/haberkaradenizim.com\/index.php\/wp-json\/wp\/v2\/media?parent=2585"}],"wp:term":[{"taxonomy":"category","embeddable":true,"href":"https:\/\/haberkaradenizim.com\/index.php\/wp-json\/wp\/v2\/categories?post=2585"},{"taxonomy":"post_tag","embeddable":true,"href":"https:\/\/haberkaradenizim.com\/index.php\/wp-json\/wp\/v2\/tags?post=2585"}],"curies":[{"name":"wp","href":"https:\/\/api.w.org\/{rel}","templated":true}]}}