{"id":2583,"date":"2023-12-06T09:44:00","date_gmt":"2023-12-06T06:44:00","guid":{"rendered":"https:\/\/haberkaradenizim.com\/index.php\/2023\/12\/06\/sendika-baskani-torba-yasada-3600-ek-gosterge-ve-yardimci-hizmetler-yer-almali\/"},"modified":"2023-12-06T09:44:00","modified_gmt":"2023-12-06T06:44:00","slug":"sendika-baskani-torba-yasada-3600-ek-gosterge-ve-yardimci-hizmetler-yer-almali","status":"publish","type":"post","link":"https:\/\/haberkaradenizim.com\/index.php\/2023\/12\/06\/sendika-baskani-torba-yasada-3600-ek-gosterge-ve-yardimci-hizmetler-yer-almali\/","title":{"rendered":"Sendika Ba\u015fkan\u0131: Torba Yasada 3600 Ek G\u00f6sterge Ve Yard\u0131mc\u0131 Hizmetler Yer Almal\u0131!"},"content":{"rendered":"<div data-text-id=\"30459\" property=\"articleBody\">\n<p><a href=\"https:\/\/www.saglikpersonelihaber.net\/haberleri\" class=\"internal_link\" target=\"_blank\" title=\"\" rel=\"noopener\">Torba yasada memurlara y\u00f6nelik d\u00fczenlemeleri yeterli bulmayan sendikalar, Meclis g\u00f6r\u00fc\u015fmelerinde ek taleplerini dile getiriyor. Te\u00e7-Sen Genel Ba\u015fkan\u0131 \u00dcmit DEM\u0130REL, son a\u00e7\u0131klamas\u0131nda 3600 ek g\u00f6sterge, Yard\u0131mc\u0131 Hizmetler S\u0131n\u0131f\u0131 (YHS) kald\u0131r\u0131lmas\u0131 ve memur emeklilerine 8.070 lira seyyanen zam taleplerini Meclis g\u00fcndemine ta\u015f\u0131d\u0131.<\/p>\n<p>\u00dcmit DEM\u0130REL, yapt\u0131\u011f\u0131 a\u00e7\u0131klamada, Yard\u0131mc\u0131 Hizmetler S\u0131n\u0131f\u0131&#8217;n\u0131n kald\u0131r\u0131lmas\u0131, 3600 ek g\u00f6stergenin 1. dereceye gelen t\u00fcm kamu \u00e7al\u0131\u015fanlar\u0131na verilmesi ve memur emeklilerine 8.070 lira seyyanen zam yap\u0131lmas\u0131 taleplerinin bir an \u00f6nce Torba Yasa&#8217;ya dahil edilmesi \u00e7a\u011fr\u0131s\u0131nda bulundu.<\/p>\n<div class=\"post-flash\">\n        <!--\n\n<h3 class=\"post-flash__title\">G&ouml;zden ka&ccedil;&#305;rmay&#305;n<\/h3>\n\n--><br \/>\n                <a href=\"https:\/\/www.saglikpersonelihaber.net\/saldiriya-ugrayan-hemsire-icin-hastane-onunde-eylem\" class=\"post-flash__content\" target=\"_self\" title=\"Sald\u0131r\u0131ya U\u011frayan Hem\u015fire \u0130\u00e7in Hastane \u00d6n\u00fcnde Eylem!\" style=\"background-color: #A61C1E\" rel=\"noopener\"><br \/>\n            <img loading=\"lazy\" decoding=\"async\" src=\"https:\/\/saglikpersonelihabernet.teimg.com\/crop\/250x150\/saglikpersonelihaber-net\/uploads\/2023\/12\/hemsire-icin-hastane-ononde-eylem.jpg\" alt=\"Sald\u0131r\u0131ya U\u011frayan Hem\u015fire \u0130\u00e7in Hastane \u00d6n\u00fcnde Eylem!\" width=\"231\" height=\"140\" class=\"content-paragraph-image\"\/><br \/>\n            <span class=\"post-flash__heading\"><br \/>\n                <span class=\"post-flash__h4\">Sald\u0131r\u0131ya U\u011frayan Hem\u015fire \u0130\u00e7in Hastane \u00d6n\u00fcnde Eylem!<\/span><br \/>\n            <\/span><br \/>\n        <\/a>\n            <\/div>\n<p>Sendika lideri, taleplerinin mevcut d\u00fczenlemeleri g\u00fc\u00e7lendirece\u011fine inanarak, &#8220;Meclisimizden bu talepleri dikkate almalar\u0131n\u0131 ve torba yasaya eklemelerini bekliyoruz. Kamu \u00e7al\u0131\u015fanlar\u0131n\u0131n beklentilerini kar\u015f\u0131lamak, haklar\u0131na sahip \u00e7\u0131kmak ad\u0131na \u00f6nemli bir ad\u0131m olacakt\u0131r&#8221; dedi.<\/p>\n<p>Genel Ba\u015fkan, kamu \u00e7al\u0131\u015fanlar\u0131n\u0131n haklar\u0131n\u0131n korunmas\u0131 ve adaletin sa\u011flanmas\u0131 i\u00e7in bu taleplerin acil bir \u015fekilde Meclis g\u00fcndemine al\u0131nmas\u0131 gerekti\u011fini vurgulad\u0131. Ayr\u0131ca, bu d\u00fczenlemelerin maddi ve manevi olarak emeklilik d\u00f6nemlerindeki memurlara b\u00fcy\u00fck bir destek sa\u011flayaca\u011f\u0131n\u0131 belirtti.<\/p>\n<p>Te\u00e7-Sen Genel Ba\u015fkan\u0131&#8217;n\u0131n bu talepleriyle ilgili olarak, Meclis&#8217;teki siyasi partilerin 14 May\u0131s 2023 genel se\u00e7imde verdikleri s\u00f6zleri tutmakla m\u00fckellef olduklar\u0131n\u0131 hat\u0131rlatt\u0131 ve verilen s\u00f6zlerin biran \u00f6nce tutulmas\u0131n\u0131 bekledikleri s\u00f6yledi.<\/p>\n<p>Te\u00e7-Sen Genel Ba\u015fkan\u0131, h\u00fck\u00fcmetin bu talepleri dikkate alarak \u00e7al\u0131\u015fanlar\u0131n adaletli bir \u015fekilde de\u011ferlendirilece\u011fi bir yasa tasar\u0131s\u0131 haz\u0131rlamas\u0131n\u0131 ve Meclis&#8217;e sunmas\u0131n\u0131 bekledi\u011fini ifade etti.<\/p>\n<\/p><\/div>\n","protected":false},"excerpt":{"rendered":"<p>Torba yasada memurlara y\u00f6nelik d\u00fczenlemeleri yeterli bulmayan sendikalar, Meclis g\u00f6r\u00fc\u015fmelerinde ek taleplerini dile getiriyor. Te\u00e7-Sen<\/p>\n","protected":false},"author":1,"featured_media":2584,"comment_status":"open","ping_status":"open","sticky":false,"template":"","format":"standard","meta":{"footnotes":""},"categories":[27],"tags":[],"class_list":["post-2583","post","type-post","status-publish","format-standard","has-post-thumbnail","hentry","category-saglik"],"_links":{"self":[{"href":"https:\/\/haberkaradenizim.com\/index.php\/wp-json\/wp\/v2\/posts\/2583","targetHints":{"allow":["GET"]}}],"collection":[{"href":"https:\/\/haberkaradenizim.com\/index.php\/wp-json\/wp\/v2\/posts"}],"about":[{"href":"https:\/\/haberkaradenizim.com\/index.php\/wp-json\/wp\/v2\/types\/post"}],"author":[{"embeddable":true,"href":"https:\/\/haberkaradenizim.com\/index.php\/wp-json\/wp\/v2\/users\/1"}],"replies":[{"embeddable":true,"href":"https:\/\/haberkaradenizim.com\/index.php\/wp-json\/wp\/v2\/comments?post=2583"}],"version-history":[{"count":0,"href":"https:\/\/haberkaradenizim.com\/index.php\/wp-json\/wp\/v2\/posts\/2583\/revisions"}],"wp:featuredmedia":[{"embeddable":true,"href":"https:\/\/haberkaradenizim.com\/index.php\/wp-json\/wp\/v2\/media\/2584"}],"wp:attachment":[{"href":"https:\/\/haberkaradenizim.com\/index.php\/wp-json\/wp\/v2\/media?parent=2583"}],"wp:term":[{"taxonomy":"category","embeddable":true,"href":"https:\/\/haberkaradenizim.com\/index.php\/wp-json\/wp\/v2\/categories?post=2583"},{"taxonomy":"post_tag","embeddable":true,"href":"https:\/\/haberkaradenizim.com\/index.php\/wp-json\/wp\/v2\/tags?post=2583"}],"curies":[{"name":"wp","href":"https:\/\/api.w.org\/{rel}","templated":true}]}}