{"id":2569,"date":"2023-12-04T20:25:03","date_gmt":"2023-12-04T17:25:03","guid":{"rendered":"https:\/\/haberkaradenizim.com\/index.php\/2023\/12\/04\/fenerbahce-sivasspor-maci-canli-son-dakika-fenerbahce-haberleri\/"},"modified":"2023-12-04T20:25:03","modified_gmt":"2023-12-04T17:25:03","slug":"fenerbahce-sivasspor-maci-canli-son-dakika-fenerbahce-haberleri","status":"publish","type":"post","link":"https:\/\/haberkaradenizim.com\/index.php\/2023\/12\/04\/fenerbahce-sivasspor-maci-canli-son-dakika-fenerbahce-haberleri\/","title":{"rendered":"Fenerbah\u00e7e Sivasspor ma\u00e7\u0131 CANLI &#8211; Son dakika Fenerbah\u00e7e haberleri"},"content":{"rendered":"<p><\n\n<div id=\"\">&#13;<br \/>\n&#13;<br \/>\n&#13;<\/p>\n<p>Trendyol <a href=\"https:\/\/www.fotomac.com.tr\/haberleri\/super-lig?id=9198d716-c5e4-4b0f-84d7-c7955c662dd8\" class=\"\">S\u00fcper Lig<\/a>&#8216;de heyecan devam ediyor.<\/p>\n<p>&#13;<br \/>\n&#13;<\/p>\n<p>Ligde 14. hafta ma\u00e7\u0131nda <a href=\"https:\/\/www.fotomac.com.tr\/haberleri\/fenerbahce?id=65439000-410e-4c14-94da-0622ac043911\" class=\"\">Fenerbah\u00e7e<\/a> sahas\u0131nda EMS Yap\u0131 <a href=\"https:\/\/www.fotomac.com.tr\/haberleri\/sivasspor?id=59d4874b-64d2-406a-92fb-2c4cd1109cf5\" class=\"\">Sivasspor<\/a>&#8216;u konuk ediyor.<\/p>\n<p>&#13;<br \/>\n&#13;<\/p>\n<p><a href=\"https:\/\/www.fotomac.com.tr\/haberleri\/ismail-kartal?id=d624d7e9-40f1-4094-81be-23ade98e130a\" class=\"\">\u0130smail Kartal<\/a>&#8216;\u0131n \u00f6\u011frencileri kritik m\u00fccadeleden mutlak 3 puanla ayr\u0131lmak istiyor. Bu heyecanl\u0131 ma\u00e7\u0131 haberimizden canl\u0131 olarak takip edebilirsiniz&#8230;<\/p>\n<p>&#13;<br \/>\n&#13;<\/p>\n<p><strong>FENERBAH\u00c7E &#8211; EMS YAPI S\u0130VASSPOR MA\u00c7I 11&#8217;LER\u0130<\/strong><\/p>\n<p>&#13;<br \/>\n&#13;<\/p>\n<p><strong>Fenerbah\u00e7e: <\/strong>Livakovic, Osayi, Samet, Oosterwolde, Ferdi, Crespo, Fred, Szymanski, Tadic, \u0130rfan Can, Dzeko<\/p>\n<p>&#13;<br \/>\n&#13;<\/p>\n<p><strong>Sivasspor: <\/strong>Ali \u015ea\u015fal, Alaaddin, Caner, Camara, U\u011fur, Yunus Emre, Charisis, Saiz, Burak, N&#8217;Jie, Manaj<\/p>\n<p>&#13;<br \/>\n&#13;<\/p>\n<p><strong><span style=\"background-color:#FFFF00\">FENERBAH\u00c7E &#8211; EMS YAPI S\u0130VASSPOR MA\u00c7I SAAT KA\u00c7TA, HANG\u0130 KANALDA?<\/span><\/strong><\/p>\n<p>&#13;<br \/>\n&#13;<\/p>\n<p>Fenerbah\u00e7e &#8211; EMS Yap\u0131 Sivasspor ma\u00e7\u0131 saat 20.00&#8217;de ba\u015flad\u0131. M\u00fccadele beIN SPORTS 1&#8217;de canl\u0131 yay\u0131nlan\u0131yor.<\/p>\n<p>&#13;<br \/>\n&#13;<\/p>\n<p><a href=\"https:\/\/www.fotomac.com.tr\/canli-skor\/2023\/12\/04\/super-lig-23-24\/fenerbahce-sivasspor-maci-42415637\" target=\"_blank\" rel=\"noopener\"><img decoding=\"async\" alt=\"\" data-pimg=\"https:\/\/iaftm.tmgrup.com.tr\/38f8c0\/0\/0\/0\/0\/800\/160?u=https:\/\/iftm.tmgrup.com.tr\/2023\/12\/04\/fenerbahce-ems-yapi-sivasspor-maci-canli-1701700941626.gif&amp;mw=1366\" style=\"height:160px; width:800px\" class=\"lazyload\" src=\"https:\/\/iaftm.tmgrup.com.tr\/c86db1\/0\/0\/0\/0\/800\/160?u=https:\/\/iftm.tmgrup.com.tr\/2023\/12\/04\/fenerbahce-ems-yapi-sivasspor-maci-canli-1701700941626.gif\"\/><\/a><\/p>\n<p>&#13;<br \/>\n&#13;<\/p>\n<p><strong><span style=\"background-color:#FFFF00\">CRESPO SINIRDA<\/span><\/strong><\/p>\n<p>&#13;<br \/>\n&#13;<\/p>\n<p>Fenerbah\u00e7e&#8217;de <a href=\"https:\/\/www.fotomac.com.tr\/haberleri\/miguel-crespo?id=ceb34ace-af39-4470-a2ed-45e87fef4956\" class=\"\">Miguel Crespo<\/a>, sar\u0131 kart ceza s\u0131n\u0131r\u0131nda bulunuyor. Portekizli oyuncu, EMS Yap\u0131 Sivasspor kar\u015f\u0131s\u0131nda kart g\u00f6rmesi durumunda <a href=\"https:\/\/www.fotomac.com.tr\/haberleri\/besiktas?id=28fd8829-36bc-4b06-8a71-33cb4902d706\" class=\"\">Be\u015fikta\u015f<\/a> derbisinde forma giyemeyecek.<\/p>\n<p>&#13;<br \/>\n&#13;<\/p>\n<p><strong><span style=\"background-color:#FFCC99\">S\u0130VASSPOR&#8217;DA KOITA SAKAT<\/span><\/strong><\/p>\n<p>&#13;<br \/>\n&#13;<\/p>\n<p>EMS Yap\u0131 Sivasspor&#8217;da, Fenerbah\u00e7e ma\u00e7\u0131 \u00f6ncesinde golc\u00fc oyuncu <a href=\"https:\/\/www.fotomac.com.tr\/haberleri\/fode-koita?id=499713dd-7ce3-4361-8362-962c5b675c37\" class=\"\">Fode Koita<\/a>&#8216;n\u0131n sakatl\u0131\u011f\u0131 bulunuyor. S\u00fcper Lig&#8217;de bu sezon 3&#8217;er sar\u0131 kart g\u00f6ren forvet <a href=\"https:\/\/www.fotomac.com.tr\/haberleri\/rei-manaj?id=f12a7ad6-ac9b-447c-add9-1116e40045fa\" class=\"\">Rei Manaj<\/a> ve defans oyuncusu <a href=\"https:\/\/www.fotomac.com.tr\/haberleri\/caner-osmanpasa?id=6b91386e-d0f5-40d4-83f9-ed4a5d06aef5\" class=\"\">Caner Osmanpa\u015fa<\/a> ceza s\u0131n\u0131r\u0131nda yer al\u0131yor.<\/p>\n<p>&#13;<br \/>\n&#13;<br \/>\n                            &#13;<br \/>\n&#13;\n                <\/p><\/div>\n","protected":false},"excerpt":{"rendered":"<p>< &#13; &#13; &#13; Trendyol S\u00fcper Lig&#8216;de heyecan devam ediyor. &#13; &#13; Ligde 14. hafta\n<\/p>\n","protected":false},"author":1,"featured_media":2570,"comment_status":"open","ping_status":"open","sticky":false,"template":"","format":"standard","meta":{"footnotes":""},"categories":[29],"tags":[],"class_list":["post-2569","post","type-post","status-publish","format-standard","has-post-thumbnail","hentry","category-spor"],"_links":{"self":[{"href":"https:\/\/haberkaradenizim.com\/index.php\/wp-json\/wp\/v2\/posts\/2569","targetHints":{"allow":["GET"]}}],"collection":[{"href":"https:\/\/haberkaradenizim.com\/index.php\/wp-json\/wp\/v2\/posts"}],"about":[{"href":"https:\/\/haberkaradenizim.com\/index.php\/wp-json\/wp\/v2\/types\/post"}],"author":[{"embeddable":true,"href":"https:\/\/haberkaradenizim.com\/index.php\/wp-json\/wp\/v2\/users\/1"}],"replies":[{"embeddable":true,"href":"https:\/\/haberkaradenizim.com\/index.php\/wp-json\/wp\/v2\/comments?post=2569"}],"version-history":[{"count":0,"href":"https:\/\/haberkaradenizim.com\/index.php\/wp-json\/wp\/v2\/posts\/2569\/revisions"}],"wp:featuredmedia":[{"embeddable":true,"href":"https:\/\/haberkaradenizim.com\/index.php\/wp-json\/wp\/v2\/media\/2570"}],"wp:attachment":[{"href":"https:\/\/haberkaradenizim.com\/index.php\/wp-json\/wp\/v2\/media?parent=2569"}],"wp:term":[{"taxonomy":"category","embeddable":true,"href":"https:\/\/haberkaradenizim.com\/index.php\/wp-json\/wp\/v2\/categories?post=2569"},{"taxonomy":"post_tag","embeddable":true,"href":"https:\/\/haberkaradenizim.com\/index.php\/wp-json\/wp\/v2\/tags?post=2569"}],"curies":[{"name":"wp","href":"https:\/\/api.w.org\/{rel}","templated":true}]}}