{"id":2567,"date":"2023-12-04T10:26:00","date_gmt":"2023-12-04T07:26:00","guid":{"rendered":"https:\/\/haberkaradenizim.com\/index.php\/2023\/12\/04\/tuik-kasim-ayi-2023-enflasyon-verileri-acikladi\/"},"modified":"2023-12-04T10:26:00","modified_gmt":"2023-12-04T07:26:00","slug":"tuik-kasim-ayi-2023-enflasyon-verileri-acikladi","status":"publish","type":"post","link":"https:\/\/haberkaradenizim.com\/index.php\/2023\/12\/04\/tuik-kasim-ayi-2023-enflasyon-verileri-acikladi\/","title":{"rendered":"T\u00dc\u0130K Kas\u0131m Ay\u0131 2023 Enflasyon Verileri A\u00e7\u0131klad\u0131!"},"content":{"rendered":"<div data-text-id=\"30412\" property=\"articleBody\">\n<p><a href=\"https:\/\/www.saglikpersonelihaber.net\/haberleri\" class=\"internal_link\" target=\"_blank\" title=\"\" rel=\"noopener\">T\u00dcFE&#8217;deki de\u011fi\u015fim, 2023 y\u0131l\u0131 Kas\u0131m ay\u0131nda bir \u00f6nceki aya g\u00f6re y\u00fczde 3,28, bir \u00f6nceki y\u0131l\u0131n aral\u0131k ay\u0131na g\u00f6re y\u00fczde 60,09, bir \u00f6nceki y\u0131l\u0131n ayn\u0131 ay\u0131na g\u00f6re y\u00fczde 61,98 ve on iki ayl\u0131k ortalamalara g\u00f6re y\u00fczde 53,40 olarak belirlendi.<\/p>\n<p><strong>Ekim ay\u0131 enflasyon beklentisi<\/strong><\/p>\n<p>AA Finans\u2019\u0131n beklenti anketine kat\u0131lan ekonomistlerin kas\u0131m ay\u0131 enflasyon beklentilerinin ortalamas\u0131na g\u00f6re enflasyonun kas\u0131mda ayl\u0131k y\u00fczde 3,68 artarak y\u0131ll\u0131k y\u00fczde 62,61&#8217;e \u00e7\u0131kmas\u0131 bekleniyordu.<\/p>\n<p><strong>Y\u0131ll\u0131k en az art\u0131\u015f g\u00f6steren ana grup y\u00fczde 37,54 ile konut oldu<\/strong><\/p>\n<p>Bir \u00f6nceki y\u0131l\u0131n ayn\u0131 ay\u0131na g\u00f6re en az art\u0131\u015f g\u00f6steren ana grup y\u00fczde 37,54 ile konut oldu.<\/p>\n<p><strong>Y\u0131ll\u0131k art\u0131\u015f\u0131n en y\u00fcksek oldu\u011fu ana grup lokanta ve oteller<\/strong><\/p>\n<p>Buna kar\u015f\u0131l\u0131k, bir \u00f6nceki y\u0131l\u0131n ayn\u0131 ay\u0131na g\u00f6re art\u0131\u015f\u0131n en y\u00fcksek oldu\u011fu ana grup ise y\u00fczde 92,86 ile lokanta ve oteller oldu.<\/p>\n<p><img decoding=\"async\" alt=\"tablo-5\" class=\"img-fluid detail-photo\" src=\"https:\/\/saglikpersonelihabernet.teimg.com\/saglikpersonelihaber-net\/uploads\/2023\/12\/tablo-5.png\" style=\"width: 100%\"\/><\/p>\n<p><strong>Ayl\u0131k en az art\u0131\u015f g\u00f6steren ana grup giyim ve ayakkab\u0131<\/strong><\/p>\n<p>Ana harcama gruplar\u0131 itibar\u0131yla 2023 y\u0131l\u0131 Kas\u0131m ay\u0131nda bir \u00f6nceki aya g\u00f6re en az art\u0131\u015f g\u00f6steren ana grup y\u00fczde-0,31 ile giyim ve ayakkab\u0131 oldu.<\/p>\n<p><strong>Ayl\u0131k art\u0131\u015f\u0131n en y\u00fcksek oldu\u011fu ana grup konut oldu<\/strong><\/p>\n<p>Buna kar\u015f\u0131l\u0131k, 2023 y\u0131l\u0131 Kas\u0131m ay\u0131nda bir \u00f6nceki aya g\u00f6re art\u0131\u015f\u0131n en y\u00fcksek oldu\u011fu ana grup ise y\u00fczde 11,17 ile konut oldu (ana harcama gruplar\u0131na g\u00f6re endeksler, a\u011f\u0131rl\u0131klar ve de\u011fi\u015fim oranlar\u0131 Ek Tablo-1&#8217;dedir).<\/p>\n<p><strong>Fiyat de\u011fi\u015fimleri<\/strong><\/p>\n<p>Endekste kapsanan 143 temel ba\u015fl\u0131ktan (Amaca G\u00f6re Bireysel T\u00fcketim S\u0131n\u0131flamas\u0131-COICOP 5&#8217;li D\u00fczey) 2023 y\u0131l\u0131 Kas\u0131m ay\u0131 itibar\u0131yla, 23 temel ba\u015fl\u0131\u011f\u0131n endeksinde d\u00fc\u015f\u00fc\u015f ger\u00e7ekle\u015firken, 7 temel ba\u015fl\u0131\u011f\u0131n endeksinde de\u011fi\u015fim olmad\u0131. 113 temel ba\u015fl\u0131\u011f\u0131n endeksinde ise art\u0131\u015f ger\u00e7ekle\u015fti.<\/p>\n<div class=\"post-flash\">\n        <!--\n\n<h3 class=\"post-flash__title\">G&ouml;zden ka&ccedil;&#305;rmay&#305;n<\/h3>\n\n--><br \/>\n                <a href=\"https:\/\/www.saglikpersonelihaber.net\/ek-mtvnin-ikinci-taksit-odemesi-bugun-son-gun\" class=\"post-flash__content\" target=\"_self\" title=\"Ek MTV'nin \u0130kinci Taksit \u00d6demesi Bug\u00fcn Son G\u00fcn!\" style=\"background-color: #1C38A6\" rel=\"noopener\"><br \/>\n            <img loading=\"lazy\" decoding=\"async\" src=\"https:\/\/saglikpersonelihabernet.teimg.com\/crop\/250x150\/saglikpersonelihaber-net\/uploads\/2023\/11\/ek-mtv-3.jpg\" alt=\"Ek MTV'nin \u0130kinci Taksit \u00d6demesi Bug\u00fcn Son G\u00fcn!\" width=\"231\" height=\"140\" class=\"content-paragraph-image\"\/><br \/>\n            <span class=\"post-flash__heading\"><br \/>\n                <span class=\"post-flash__h4\">Ek MTV&#8217;nin \u0130kinci Taksit \u00d6demesi Bug\u00fcn Son G\u00fcn!<\/span><br \/>\n            <\/span><br \/>\n        <\/a>\n            <\/div>\n<p>\u00d6zel kapsaml\u0131 T\u00dcFE g\u00f6stergesi (B) y\u0131ll\u0131k y\u00fczde 67,27, ayl\u0131k y\u00fczde 2,53 oldu<\/p>\n<p>\u0130\u015flenmemi\u015f g\u0131da \u00fcr\u00fcnleri, enerji, alkoll\u00fc i\u00e7kiler ve t\u00fct\u00fcn ile alt\u0131n hari\u00e7 T\u00dcFE&#8217;deki de\u011fi\u015fim, 2023 y\u0131l\u0131 Kas\u0131m ay\u0131nda bir \u00f6nceki aya g\u00f6re y\u00fczde 2,53, bir \u00f6nceki y\u0131l\u0131n aral\u0131k ay\u0131na g\u00f6re y\u00fczde 64,09, bir \u00f6nceki y\u0131l\u0131n ayn\u0131 ay\u0131na g\u00f6re y\u00fczde 67,27 ve on iki ayl\u0131k ortalamalara g\u00f6re y\u00fczde 57,56 olarak ger\u00e7ekle\u015fti.<\/p>\n<p><img decoding=\"async\" alt=\"3g-1\" class=\"img-fluid detail-photo\" src=\"https:\/\/saglikpersonelihabernet.teimg.com\/saglikpersonelihaber-net\/uploads\/2023\/12\/3g-1.png\" style=\"width: 100%\"\/><\/p>\n<p><strong>Enflasyon hedefleri<\/strong><\/p>\n<p>Ekonomi y\u00f6netimi, enflasyonla m\u00fccadele konusunda ald\u0131\u011f\u0131 kararlar do\u011frultusunda ad\u0131mlar at\u0131yor. T\u00fcrkiye Cumhuriyet Merkez Bankas\u0131 (TCMB) y\u0131l\u0131n son enflasyon raporunda, enflasyon tahmini 2023 y\u0131l sonu i\u00e7in y\u00fczde 65, 2024 y\u0131l\u0131 i\u00e7in y\u00fczde 36 ve 2025 y\u0131l sonu i\u00e7in ise y\u00fczde 14 olarak a\u00e7\u0131kland\u0131. T\u00fcrkiye\u2019nin nihai enflasyon hedefi ise y\u00fczde 5 olarak belirlendi.<\/p>\n<\/p><\/div>\n","protected":false},"excerpt":{"rendered":"<p>T\u00dcFE&#8217;deki de\u011fi\u015fim, 2023 y\u0131l\u0131 Kas\u0131m ay\u0131nda bir \u00f6nceki aya g\u00f6re y\u00fczde 3,28, bir \u00f6nceki y\u0131l\u0131n<\/p>\n","protected":false},"author":1,"featured_media":2568,"comment_status":"open","ping_status":"open","sticky":false,"template":"","format":"standard","meta":{"footnotes":""},"categories":[27],"tags":[],"class_list":["post-2567","post","type-post","status-publish","format-standard","has-post-thumbnail","hentry","category-saglik"],"_links":{"self":[{"href":"https:\/\/haberkaradenizim.com\/index.php\/wp-json\/wp\/v2\/posts\/2567","targetHints":{"allow":["GET"]}}],"collection":[{"href":"https:\/\/haberkaradenizim.com\/index.php\/wp-json\/wp\/v2\/posts"}],"about":[{"href":"https:\/\/haberkaradenizim.com\/index.php\/wp-json\/wp\/v2\/types\/post"}],"author":[{"embeddable":true,"href":"https:\/\/haberkaradenizim.com\/index.php\/wp-json\/wp\/v2\/users\/1"}],"replies":[{"embeddable":true,"href":"https:\/\/haberkaradenizim.com\/index.php\/wp-json\/wp\/v2\/comments?post=2567"}],"version-history":[{"count":0,"href":"https:\/\/haberkaradenizim.com\/index.php\/wp-json\/wp\/v2\/posts\/2567\/revisions"}],"wp:featuredmedia":[{"embeddable":true,"href":"https:\/\/haberkaradenizim.com\/index.php\/wp-json\/wp\/v2\/media\/2568"}],"wp:attachment":[{"href":"https:\/\/haberkaradenizim.com\/index.php\/wp-json\/wp\/v2\/media?parent=2567"}],"wp:term":[{"taxonomy":"category","embeddable":true,"href":"https:\/\/haberkaradenizim.com\/index.php\/wp-json\/wp\/v2\/categories?post=2567"},{"taxonomy":"post_tag","embeddable":true,"href":"https:\/\/haberkaradenizim.com\/index.php\/wp-json\/wp\/v2\/tags?post=2567"}],"curies":[{"name":"wp","href":"https:\/\/api.w.org\/{rel}","templated":true}]}}