{"id":2563,"date":"2023-12-03T22:58:00","date_gmt":"2023-12-03T19:58:00","guid":{"rendered":"https:\/\/haberkaradenizim.com\/index.php\/2023\/12\/03\/hekim-gocu-kasim-ayinda-da-ayni-hizla-devam-etti\/"},"modified":"2023-12-03T22:58:00","modified_gmt":"2023-12-03T19:58:00","slug":"hekim-gocu-kasim-ayinda-da-ayni-hizla-devam-etti","status":"publish","type":"post","link":"https:\/\/haberkaradenizim.com\/index.php\/2023\/12\/03\/hekim-gocu-kasim-ayinda-da-ayni-hizla-devam-etti\/","title":{"rendered":"Hekim G\u00f6\u00e7\u00fc Kas\u0131m Ay\u0131nda da Ayn\u0131 H\u0131zla Devam Etti!"},"content":{"rendered":"<div data-text-id=\"30399\" property=\"articleBody\">\n<p><a href=\"https:\/\/www.saglikpersonelihaber.net\/haberleri\" class=\"internal_link\" target=\"_blank\" title=\"\" rel=\"noopener\">2023 y\u0131l\u0131n\u0131n ilk 11 ay\u0131nda al\u0131nan iyi hal belge say\u0131s\u0131 ise 2 bin 785 oldu. T\u00fcrk Tabipleri Birli\u011fi (TTB), kas\u0131m ay\u0131n da hekimlerin\u00a0iyi hal belgesi i\u00e7in ba\u015fvurdu\u011fu say\u0131 244 olarak a\u00e7\u0131klad\u0131.<\/p>\n<div class=\"post-flash\">\n        <!--\n\n<h3 class=\"post-flash__title\">G&ouml;zden ka&ccedil;&#305;rmay&#305;n<\/h3>\n\n--><br \/>\n                <a href=\"https:\/\/www.saglikpersonelihaber.net\/il-saglik-muduru-baskan-adayligi-icin-gorevinden-istifa-etti\" class=\"post-flash__content\" target=\"_self\" title=\"\u0130l Sa\u011fl\u0131k M\u00fcd\u00fcr\u00fc Ba\u015fkan Adayl\u0131\u011f\u0131 \u0130\u00e7in G\u00f6revinden \u0130stifa Etti!\" style=\"background-color: #A61C1E\" rel=\"noopener\"><br \/>\n            <img loading=\"lazy\" decoding=\"async\" src=\"https:\/\/saglikpersonelihabernet.teimg.com\/crop\/250x150\/saglikpersonelihaber-net\/uploads\/2023\/12\/dr-halil-nacar-gorevinden-isrifa-etti.jpg\" alt=\"\u0130l Sa\u011fl\u0131k M\u00fcd\u00fcr\u00fc Ba\u015fkan Adayl\u0131\u011f\u0131 \u0130\u00e7in G\u00f6revinden \u0130stifa Etti!\" width=\"231\" height=\"140\" class=\"content-paragraph-image\"\/><br \/>\n            <span class=\"post-flash__heading\"><br \/>\n                <span class=\"post-flash__h4\">\u0130l Sa\u011fl\u0131k M\u00fcd\u00fcr\u00fc Ba\u015fkan Adayl\u0131\u011f\u0131 \u0130\u00e7in G\u00f6revinden \u0130stifa Etti!<\/span><br \/>\n            <\/span><br \/>\n        <\/a>\n            <\/div>\n<p>Y\u0131l\u0131n ilk dokuz ay\u0131nda yap\u0131lan ba\u015fvuru say\u0131s\u0131 2 bin 785&#8217;e ula\u015farak dikkat \u00e7eken\u00a0bir art\u0131\u015f kaydetti. T\u00fcrk Tabipleri Birli\u011fi (TTB) taraf\u0131ndan yap\u0131lan a\u00e7\u0131klamada,<\/p>\n<blockquote>\n<p>&#8220;hekim g\u00f6\u00e7\u00fcn\u00fc art\u0131ran sebepler devam etti\u011fi s\u00fcrece, m\u00fccadele ka\u00e7\u0131n\u0131lmazd\u0131r. TTB, ko\u015fullar ne olursa olsun susmayacak, hekimlik de\u011ferlerine ve toplumun sa\u011fl\u0131k hakk\u0131na olan ba\u011fl\u0131l\u0131\u011f\u0131n\u0131 s\u00fcrd\u00fcrecektir.&#8221;<\/p>\n<\/blockquote>\n<p>ifadeleri yer ald\u0131. T\u00fcrkiye&#8217;de hekim g\u00f6\u00e7\u00fcne kar\u015f\u0131 al\u0131nmas\u0131 gereken tedbirler konusundaki kararl\u0131l\u0131k vurgulanarak, TTB&#8217;nin sa\u011fl\u0131k camis\u0131nda\u00a0\u00f6nemli bir payda\u015f olarak m\u00fccadelesine devam edece\u011fi belirtildi.<\/p>\n<p><img decoding=\"async\" alt=\"19-1\" class=\"img-fluid detail-photo\" src=\"https:\/\/saglikpersonelihabernet.teimg.com\/saglikpersonelihaber-net\/uploads\/2023\/12\/19-1.png\" style=\"width: 100%\"\/><\/p>\n<\/p><\/div>\n","protected":false},"excerpt":{"rendered":"<p>2023 y\u0131l\u0131n\u0131n ilk 11 ay\u0131nda al\u0131nan iyi hal belge say\u0131s\u0131 ise 2 bin 785 oldu.<\/p>\n","protected":false},"author":1,"featured_media":2564,"comment_status":"open","ping_status":"open","sticky":false,"template":"","format":"standard","meta":{"footnotes":""},"categories":[27],"tags":[],"class_list":["post-2563","post","type-post","status-publish","format-standard","has-post-thumbnail","hentry","category-saglik"],"_links":{"self":[{"href":"https:\/\/haberkaradenizim.com\/index.php\/wp-json\/wp\/v2\/posts\/2563","targetHints":{"allow":["GET"]}}],"collection":[{"href":"https:\/\/haberkaradenizim.com\/index.php\/wp-json\/wp\/v2\/posts"}],"about":[{"href":"https:\/\/haberkaradenizim.com\/index.php\/wp-json\/wp\/v2\/types\/post"}],"author":[{"embeddable":true,"href":"https:\/\/haberkaradenizim.com\/index.php\/wp-json\/wp\/v2\/users\/1"}],"replies":[{"embeddable":true,"href":"https:\/\/haberkaradenizim.com\/index.php\/wp-json\/wp\/v2\/comments?post=2563"}],"version-history":[{"count":0,"href":"https:\/\/haberkaradenizim.com\/index.php\/wp-json\/wp\/v2\/posts\/2563\/revisions"}],"wp:featuredmedia":[{"embeddable":true,"href":"https:\/\/haberkaradenizim.com\/index.php\/wp-json\/wp\/v2\/media\/2564"}],"wp:attachment":[{"href":"https:\/\/haberkaradenizim.com\/index.php\/wp-json\/wp\/v2\/media?parent=2563"}],"wp:term":[{"taxonomy":"category","embeddable":true,"href":"https:\/\/haberkaradenizim.com\/index.php\/wp-json\/wp\/v2\/categories?post=2563"},{"taxonomy":"post_tag","embeddable":true,"href":"https:\/\/haberkaradenizim.com\/index.php\/wp-json\/wp\/v2\/tags?post=2563"}],"curies":[{"name":"wp","href":"https:\/\/api.w.org\/{rel}","templated":true}]}}