{"id":2561,"date":"2023-12-03T19:33:18","date_gmt":"2023-12-03T16:33:18","guid":{"rendered":"https:\/\/haberkaradenizim.com\/index.php\/2023\/12\/03\/fenerbahceden-galatasaray-maci-aciklamasi-son-dakika-fenerbahce-haberleri\/"},"modified":"2023-12-03T19:33:18","modified_gmt":"2023-12-03T16:33:18","slug":"fenerbahceden-galatasaray-maci-aciklamasi-son-dakika-fenerbahce-haberleri","status":"publish","type":"post","link":"https:\/\/haberkaradenizim.com\/index.php\/2023\/12\/03\/fenerbahceden-galatasaray-maci-aciklamasi-son-dakika-fenerbahce-haberleri\/","title":{"rendered":"Fenerbah\u00e7e\u2019den Galatasaray ma\u00e7\u0131 a\u00e7\u0131klamas\u0131! &#8211; Son dakika Fenerbah\u00e7e haberleri"},"content":{"rendered":"<p><<img decoding=\"async\" src=\"https:\/\/iaftm.tmgrup.com.tr\/7e6df8\/622\/349\/6\/0\/630\/350?u=https:\/\/iftm.tmgrup.com.tr\/2023\/12\/03\/fenerbahceden-galatasaray-maci-aciklamasi-1701620902105.jpg\" \/><\/p>\n<div id=\"\">&#13;<br \/>\n&#13;<br \/>\n&#13;<\/p>\n<p><a href=\"https:\/\/www.fotomac.com.tr\/haberleri\/fenerbahce?id=65439000-410e-4c14-94da-0622ac043911\" class=\"\">Fenerbah\u00e7e<\/a> Genel Sekreteri ve Y\u00f6netim Kurulu \u00dcyesi <a href=\"https:\/\/www.fotomac.com.tr\/haberleri\/burak-caglan-kizilhan?id=d9c4e13b-d8bc-4c1f-9b3a-3cb367662c4d\" class=\"\">Burak \u00c7a\u011flan K\u0131z\u0131lhan<\/a>&#8216;dan <a href=\"https:\/\/www.fotomac.com.tr\/haberleri\/galatasaray?id=7f09f678-d15c-4176-9e83-4dac7890c57b\" class=\"\">Galatasaray<\/a> ma\u00e7\u0131yla ilgili a\u00e7\u0131klama geldi.<\/p>\n<p>&#13;<\/p>\n<p><strong>\u0130\u015fte o a\u00e7\u0131klama:<\/strong><\/p>\n<p>&#13;<\/p>\n<p>Sadece bir haftal\u0131k s\u00fcre\u00e7te ya\u015fananlardan hareketle;&#13;\n<\/p>\n<p>\u2022 26 Kas\u0131m 2023 tarihinde, Tak\u0131m\u0131m\u0131z\u0131n <a href=\"https:\/\/www.fotomac.com.tr\/haberleri\/vavacars-fatih-karagumruk?id=4812b5e6-0c69-439e-bc64-323cbfd8c055\" class=\"\">VavaCars Fatih Karag\u00fcmr\u00fck<\/a> ile oynad\u0131\u011f\u0131 ma\u00e7ta, hakemler hem Fenerbah\u00e7emizin 33. dakikada hem de VavaCars Fatih Karag\u00fcmr\u00fck&#8217;\u00fcn 52. dakikada %100&#8217;l\u00fck penalt\u0131 pozisyonlar\u0131nda yanl\u0131\u015f karar vermi\u015ftir.<\/p>\n<p>&#13;<\/p>\n<p>\u2022 Ma\u00e7\u0131m\u0131z\u0131n sona ermesinin hemen ard\u0131ndan malum kul\u00fcp taraf\u0131ndan sanki sadece Tak\u0131m\u0131m\u0131z lehine hata yap\u0131lm\u0131\u015f, Fenerbah\u00e7e bu \u015fekilde ma\u00e7\u0131 kazanm\u0131\u015f gibi yaygara kopar\u0131lm\u0131\u015f, &#8220;Fenerbah\u00e7e hakemler taraf\u0131ndan kollan\u0131yor&#8221; alg\u0131s\u0131 yarat\u0131lm\u0131\u015ft\u0131r.<\/p>\n<p>&#13;<\/p>\n<p>\u2022 Kul\u00fcb\u00fcm\u00fcz, 27 Kas\u0131m Pazartesi g\u00fcn\u00fc rakibimizin ve Fenerbah\u00e7emizin verilmeyen penalt\u0131lar\u0131 \u00fczerine olu\u015fturulmaya \u00e7al\u0131\u015f\u0131lan alg\u0131lara kar\u015f\u0131l\u0131k; ma\u00e7\u0131m\u0131z\u0131n <a href=\"https:\/\/www.fotomac.com.tr\/haberleri\/var?id=e5e66864-6164-4ea4-a587-65b1803d02ad\" class=\"\">VAR<\/a> kay\u0131tlar\u0131n\u0131n a\u00e7\u0131klanmas\u0131n\u0131, t\u00fcm ma\u00e7lar\u0131n VAR kay\u0131tlar\u0131n\u0131n a\u00e7\u0131klanmas\u0131n\u0131 talep etmi\u015f, ma\u00e7\u0131n tekrar oynanmas\u0131na haz\u0131r oldu\u011funu da belirtmi\u015ftir.<\/p>\n<p>&#13;<\/p>\n<p>\u2022 Yine ayn\u0131 g\u00fcn daha haftan\u0131n ma\u00e7lar\u0131 tamamlanmadan <a href=\"https:\/\/www.fotomac.com.tr\/haberleri\/turkiye-futbol-federasyonu-merkez-hakem-kurulu?id=75a7cceb-13be-4ef3-a424-fa027bca698c\" class=\"\">T\u00fcrkiye Futbol Federasyonu Merkez Hakem Kurulu<\/a> Ba\u015fkan\u0131 <a href=\"https:\/\/www.fotomac.com.tr\/haberleri\/ahmet-ibanoglu?id=543e5b24-3eaa-413d-93a7-6afe75a0e6e9\" class=\"\">Ahmet \u0130bano\u011flu<\/a>, <a href=\"https:\/\/www.fotomac.com.tr\/haberleri\/tff?id=bf64b003-1929-4a78-b337-00acaee58dc7\" class=\"\">TFF<\/a> resmi mecralar\u0131ndan yapt\u0131\u011f\u0131 a\u00e7\u0131klama ile;<\/p>\n<p>&#13;<\/p>\n<p>&#8220;<a href=\"https:\/\/www.fotomac.com.tr\/haberleri\/mhk?id=2842539d-11e4-438b-9527-807af5d92a97\" class=\"\">MHK<\/a> olarak, hakem performanslar\u0131n\u0131 her hafta dikkatle takip etti\u011fimizi ve baz\u0131 hakemlerimizi, ilk yar\u0131 sonuna kadar dinlendirme karar\u0131 ald\u0131\u011f\u0131m\u0131z\u0131, aral\u0131k sonu yap\u0131lacak klasman de\u011ferlendirmelerinde bu analizleri dikkate alarak hareket edece\u011fimizi kamuoyu ile payla\u015fmak isterim.&#8221; demi\u015ftir.<\/p>\n<p>&#13;<\/p>\n<p>Bu a\u00e7\u0131klama sonras\u0131nda Fenerbah\u00e7e &#8211; VavaCars Fatih Karag\u00fcmr\u00fck ma\u00e7\u0131 hakemlerinin dinlendirilece\u011fi intibas\u0131 olu\u015fmu\u015f; nitekim bu hafta itibar\u0131yla \u015fu ana dek her iki hakem de g\u00f6rev almam\u0131\u015flard\u0131r.<\/p>\n<p>&#13;<\/p>\n<p>Bug\u00fcn geldi\u011fimiz noktada;<\/p>\n<p>&#13;<\/p>\n<p>D\u00fcn ak\u015fam oynanan <a href=\"https:\/\/www.fotomac.com.tr\/haberleri\/siltas-yapi-pendikspor?id=82ef3c43-75d4-466a-a2b9-86c37408fb66\" class=\"\">Silta\u015f Yap\u0131 Pendikspor<\/a>-Galatasaray ma\u00e7\u0131ndaki fahi\u015f hakem hatalar\u0131 yap\u0131ld\u0131\u011f\u0131 kanaatine ra\u011fmen ma\u00e7\u0131n VAR hakemi <a href=\"https:\/\/www.fotomac.com.tr\/haberleri\/mustafa-ogretmenoglu?id=413dd651-3393-4f9f-b1f8-bc59429086fd\" class=\"\">Mustafa \u00d6\u011fretmeno\u011flu<\/a> bug\u00fcn oynanan <a href=\"https:\/\/www.fotomac.com.tr\/haberleri\/trabzonspor?id=0d51f0e9-2d56-4698-b159-cbdb1b2bf0ea\" class=\"\">Trabzonspor<\/a>&#8211;<a href=\"https:\/\/www.fotomac.com.tr\/haberleri\/mondihome-kayserispor?id=da3c6210-8c91-44a8-8893-516f1d74d0df\" class=\"\">Mondihome Kayserispor<\/a> ma\u00e7\u0131nda AVAR hakemi olarak g\u00f6rev alm\u0131\u015ft\u0131r.<\/p>\n<p>&#13;<\/p>\n<p>T\u00fcm bu ya\u015fananlara ra\u011fmen Mustafa \u00d6\u011fretmeno\u011flu&#8217;nun ertesi g\u00fcnk\u00fc ma\u00e7a atanmas\u0131 do\u011fal olarak kamuoyu taraf\u0131ndan sorgulanmaktad\u0131r.<\/p>\n<p>&#13;<\/p>\n<p>Bir haftada bu ya\u015fananlar, y\u0131llard\u0131r Kul\u00fcb\u00fcm\u00fcz\u00fcn anlatmaya \u00e7al\u0131\u015ft\u0131\u011f\u0131, son haftalarda ise futbol kamuoyunun genelinde konu\u015fulan &#8216;atama y\u00f6ntemi ile hakemlere mesaj verme&#8217; sorununun en son \u00f6rne\u011fi olmu\u015ftur.<\/p>\n<p>&#13;<br \/>\n&#13;<br \/>\n                            &#13;<br \/>\n&#13;\n                <\/p><\/div>\n","protected":false},"excerpt":{"rendered":"","protected":false},"author":1,"featured_media":2562,"comment_status":"open","ping_status":"open","sticky":false,"template":"","format":"standard","meta":{"footnotes":""},"categories":[29],"tags":[],"class_list":["post-2561","post","type-post","status-publish","format-standard","has-post-thumbnail","hentry","category-spor"],"_links":{"self":[{"href":"https:\/\/haberkaradenizim.com\/index.php\/wp-json\/wp\/v2\/posts\/2561","targetHints":{"allow":["GET"]}}],"collection":[{"href":"https:\/\/haberkaradenizim.com\/index.php\/wp-json\/wp\/v2\/posts"}],"about":[{"href":"https:\/\/haberkaradenizim.com\/index.php\/wp-json\/wp\/v2\/types\/post"}],"author":[{"embeddable":true,"href":"https:\/\/haberkaradenizim.com\/index.php\/wp-json\/wp\/v2\/users\/1"}],"replies":[{"embeddable":true,"href":"https:\/\/haberkaradenizim.com\/index.php\/wp-json\/wp\/v2\/comments?post=2561"}],"version-history":[{"count":0,"href":"https:\/\/haberkaradenizim.com\/index.php\/wp-json\/wp\/v2\/posts\/2561\/revisions"}],"wp:featuredmedia":[{"embeddable":true,"href":"https:\/\/haberkaradenizim.com\/index.php\/wp-json\/wp\/v2\/media\/2562"}],"wp:attachment":[{"href":"https:\/\/haberkaradenizim.com\/index.php\/wp-json\/wp\/v2\/media?parent=2561"}],"wp:term":[{"taxonomy":"category","embeddable":true,"href":"https:\/\/haberkaradenizim.com\/index.php\/wp-json\/wp\/v2\/categories?post=2561"},{"taxonomy":"post_tag","embeddable":true,"href":"https:\/\/haberkaradenizim.com\/index.php\/wp-json\/wp\/v2\/tags?post=2561"}],"curies":[{"name":"wp","href":"https:\/\/api.w.org\/{rel}","templated":true}]}}