{"id":2555,"date":"2023-12-02T20:27:00","date_gmt":"2023-12-02T17:27:00","guid":{"rendered":"https:\/\/haberkaradenizim.com\/index.php\/2023\/12\/02\/eski-milletvekilinin-ortagi-oldugu-ozel-hastanede-skandal\/"},"modified":"2023-12-02T20:27:00","modified_gmt":"2023-12-02T17:27:00","slug":"eski-milletvekilinin-ortagi-oldugu-ozel-hastanede-skandal","status":"publish","type":"post","link":"https:\/\/haberkaradenizim.com\/index.php\/2023\/12\/02\/eski-milletvekilinin-ortagi-oldugu-ozel-hastanede-skandal\/","title":{"rendered":"Eski Milletvekilinin Orta\u011f\u0131 Oldu\u011fu \u00d6zel Hastanede Skandal!"},"content":{"rendered":"<div data-text-id=\"30388\" property=\"articleBody\">\n<p><a href=\"https:\/\/www.saglikpersonelihaber.net\/haberleri\" class=\"internal_link\" target=\"_blank\" title=\"\" rel=\"noopener\">30 Kas\u0131m 2022 tarihinde 30 g\u00fcnl\u00fck bebe\u011fi Bulut Deniz&#8217;i Lokman Hekim Hastanesi&#8217;ne g\u00f6t\u00fcren baba Serkan Deniz, bebe\u011fe idrar yolu enfeksiyonu te\u015fhisi konulduktan sonra yeni do\u011fan yo\u011fun bak\u0131m servisine yat\u0131\u015f yap\u0131ld\u0131\u011f\u0131n\u0131 \u00f6\u011frendi. Ancak yat\u0131\u015f\u0131n yedinci g\u00fcn\u00fcnde, 7 Aral\u0131k 2022&#8217;de, bebe\u011fin durumu takip eden doktor R.K. taraf\u0131ndan bebe\u011fin sol baca\u011f\u0131nda \u00e7atlak tespit edildi\u011fi ve atele al\u0131nd\u0131\u011f\u0131 baba Serkan Deniz&#8217;e bildirildi.<\/p>\n<p>Ailenin talebi \u00fczerine bebe\u011fin r\u00f6ntgeni incelendi\u011finde baca\u011f\u0131n\u0131n k\u0131r\u0131k oldu\u011fu ortaya \u00e7\u0131kt\u0131. Ancak hastane y\u00f6netimi, aileye kamera kayd\u0131n\u0131n al\u0131nmad\u0131\u011f\u0131n\u0131 &#8220;hasta mahremiyeti&#8221; gerek\u00e7esiyle iddia etti. Aile, bebe\u011fin baca\u011f\u0131ndaki k\u0131r\u0131\u011f\u0131n gece 04.00&#8217;te meydana geldi\u011fini, ancak kendilerine sabah 10.00&#8217;da bilgi verildi\u011fini \u00f6\u011frendi. Ailenin \u0131srarl\u0131 sorular\u0131na hastane taraf\u0131ndan, &#8220;\u00c7ocu\u011fun aya\u011f\u0131 k\u00fcv\u00f6z tak\u0131l\u0131yken kendi kendine d\u00f6nmeye \u00e7al\u0131\u015f\u0131rken k\u0131r\u0131ld\u0131\u011f\u0131&#8221; a\u00e7\u0131klamas\u0131 yap\u0131ld\u0131. Ancak aile, olay\u0131n ger\u00e7ek y\u00fcz\u00fcn\u00fc \u00f6\u011frenmek istemesine ra\u011fmen 6 saatlik s\u00fcrede neler ya\u015fand\u0131\u011f\u0131 konusunda tatmin edici bir yan\u0131t alamad\u0131.<\/p>\n<div class=\"post-flash\">\n        <!--\n\n<h3 class=\"post-flash__title\">G&ouml;zden ka&ccedil;&#305;rmay&#305;n<\/h3>\n\n--><br \/>\n                <a href=\"https:\/\/www.saglikpersonelihaber.net\/hastanin-4-disini-ceken-temizlik-gorevlisinin-cezasi-belli-oldu\" class=\"post-flash__content\" target=\"_self\" title=\"Hastan\u0131n 4 Di\u015fini \u00c7eken Temizlik G\u00f6revlisinin Cezas\u0131 Belli Oldu!\" style=\"background-color: #A61C1E\" rel=\"noopener\"><br \/>\n            <img loading=\"lazy\" decoding=\"async\" src=\"https:\/\/saglikpersonelihabernet.teimg.com\/crop\/250x150\/saglikpersonelihaber-net\/uploads\/2023\/12\/dort-dis-ceken-temizlik-gorevlisi.jpg\" alt=\"Hastan\u0131n 4 Di\u015fini \u00c7eken Temizlik G\u00f6revlisinin Cezas\u0131 Belli Oldu!\" width=\"231\" height=\"140\" class=\"content-paragraph-image\"\/><br \/>\n            <span class=\"post-flash__heading\"><br \/>\n                <span class=\"post-flash__h4\">Hastan\u0131n 4 Di\u015fini \u00c7eken Temizlik G\u00f6revlisinin Cezas\u0131 Belli Oldu!<\/span><br \/>\n            <\/span><br \/>\n        <\/a>\n            <\/div>\n<p>Bu skandal olay\u0131n ard\u0131ndan Sa\u011fl\u0131k Bakanl\u0131\u011f\u0131&#8217;n\u0131n soru\u015fturma izni vermemesi, kamuoyunda b\u00fcy\u00fck bir tepkiye neden oldu. \u00d6zellikle hastanenin iddia etti\u011fi kamera kayd\u0131n\u0131n olmamas\u0131 ve aileye ge\u00e7 haber verilmesi gibi unsurlar\u0131n \u015f\u00fcphe uyand\u0131rmas\u0131, olay\u0131n daha detayl\u0131 bir \u015fekilde incelenmesi gereklili\u011fini ak\u0131llara getiriyor.<\/p>\n<p><strong>\u2018\u00c7OCU\u011eUM ACI \u00c7EK\u0130YOR\u2019<\/strong><\/p>\n<p>Baba Serkan Deniz, 8 Aral\u0131k 2022\u2019de \u0130stanbul Anadolu Cumhuriyet Ba\u015fsavc\u0131l\u0131\u011f\u0131\u2019na giderek su\u00e7 duyurusundan bulundu. Ya\u015fad\u0131klar\u0131n\u0131 anlatt\u0131 ve \u201c\u00c7ocu\u011fum hastanede ac\u0131 \u00e7ekiyor. Ben ve annesi peri\u015fan haldeyiz\u201d dedi.<\/p>\n<p>Ard\u0131ndan savc\u0131l\u0131k Sa\u011fl\u0131k Bakanl\u0131\u011f\u0131 Mesleki Sorumluluk Kurulu\u2019nda \u00d6zel Lokman Hekim Hastanesi\u2019nde g\u00f6revli Uzman Doktor R.K. ile Hem\u015fire N.\u00c7. i\u00e7i soru\u015fturma izni verilmesini talep etti. Ancak Sa\u011fl\u0131k Bakanl\u0131\u011f\u0131, hem\u015fire ve doktorun bir ihmali olmad\u0131\u011f\u0131 belirterek soru\u015fturma izni vermedi. \u00d6te yandan \u00d6zel Lokman Hekim Hastaneleri\u2019nin orta\u011f\u0131 olan, 25\u2019inci ve 26\u2019nc\u0131 d\u00f6nemde AK Parti\u2019den Tokat milletvekilli\u011fi yapan Celil G\u00f6\u00e7er, ayn\u0131 zamanda da eski Ba\u015fbakan Ahmet Davuto\u011flu\u2019nun da doktoruydu.<\/p>\n<\/p><\/div>\n","protected":false},"excerpt":{"rendered":"<p>30 Kas\u0131m 2022 tarihinde 30 g\u00fcnl\u00fck bebe\u011fi Bulut Deniz&#8217;i Lokman Hekim Hastanesi&#8217;ne g\u00f6t\u00fcren baba Serkan<\/p>\n","protected":false},"author":1,"featured_media":2556,"comment_status":"open","ping_status":"open","sticky":false,"template":"","format":"standard","meta":{"footnotes":""},"categories":[27],"tags":[],"class_list":["post-2555","post","type-post","status-publish","format-standard","has-post-thumbnail","hentry","category-saglik"],"_links":{"self":[{"href":"https:\/\/haberkaradenizim.com\/index.php\/wp-json\/wp\/v2\/posts\/2555","targetHints":{"allow":["GET"]}}],"collection":[{"href":"https:\/\/haberkaradenizim.com\/index.php\/wp-json\/wp\/v2\/posts"}],"about":[{"href":"https:\/\/haberkaradenizim.com\/index.php\/wp-json\/wp\/v2\/types\/post"}],"author":[{"embeddable":true,"href":"https:\/\/haberkaradenizim.com\/index.php\/wp-json\/wp\/v2\/users\/1"}],"replies":[{"embeddable":true,"href":"https:\/\/haberkaradenizim.com\/index.php\/wp-json\/wp\/v2\/comments?post=2555"}],"version-history":[{"count":0,"href":"https:\/\/haberkaradenizim.com\/index.php\/wp-json\/wp\/v2\/posts\/2555\/revisions"}],"wp:featuredmedia":[{"embeddable":true,"href":"https:\/\/haberkaradenizim.com\/index.php\/wp-json\/wp\/v2\/media\/2556"}],"wp:attachment":[{"href":"https:\/\/haberkaradenizim.com\/index.php\/wp-json\/wp\/v2\/media?parent=2555"}],"wp:term":[{"taxonomy":"category","embeddable":true,"href":"https:\/\/haberkaradenizim.com\/index.php\/wp-json\/wp\/v2\/categories?post=2555"},{"taxonomy":"post_tag","embeddable":true,"href":"https:\/\/haberkaradenizim.com\/index.php\/wp-json\/wp\/v2\/tags?post=2555"}],"curies":[{"name":"wp","href":"https:\/\/api.w.org\/{rel}","templated":true}]}}