{"id":2553,"date":"2023-12-02T18:44:51","date_gmt":"2023-12-02T15:44:51","guid":{"rendered":"https:\/\/haberkaradenizim.com\/index.php\/2023\/12\/02\/okan-buruk-siltas-yapi-pendikspor-maci-oncesi-konustu-son-dakika-galatasaray-haberleri\/"},"modified":"2023-12-02T18:44:51","modified_gmt":"2023-12-02T15:44:51","slug":"okan-buruk-siltas-yapi-pendikspor-maci-oncesi-konustu-son-dakika-galatasaray-haberleri","status":"publish","type":"post","link":"https:\/\/haberkaradenizim.com\/index.php\/2023\/12\/02\/okan-buruk-siltas-yapi-pendikspor-maci-oncesi-konustu-son-dakika-galatasaray-haberleri\/","title":{"rendered":"Okan Buruk Silta\u015f Yap\u0131 Pendikspor ma\u00e7\u0131 \u00f6ncesi konu\u015ftu &#8211; Son dakika Galatasaray haberleri"},"content":{"rendered":"<p><<img decoding=\"async\" src=\"https:\/\/iaftm.tmgrup.com.tr\/c7408e\/622\/349\/0\/0\/622\/349?u=https:\/\/iftm.tmgrup.com.tr\/Defaults\/Upload\/ftm-default-1599603413338.jpg\" \/><\/p>\n<div id=\"\">&#13;<br \/>\n&#13;<br \/>\n&#13;<\/p>\n<p><a href=\"https:\/\/www.fotomac.com.tr\/haberleri\/galatasaray?id=7f09f678-d15c-4176-9e83-4dac7890c57b\" class=\"\">Galatasaray<\/a> <a href=\"https:\/\/www.fotomac.com.tr\/haberleri\/super-lig?id=9198d716-c5e4-4b0f-84d7-c7955c662dd8\" class=\"\">S\u00fcper Lig<\/a>&#8216;de 14. hafta m\u00fccadelesinde <a href=\"https:\/\/www.fotomac.com.tr\/haberleri\/siltas-yapi-pendikspor?id=82ef3c43-75d4-466a-a2b9-86c37408fb66\" class=\"\">Silta\u015f Yap\u0131 Pendikspor<\/a> ile kar\u015f\u0131 kar\u015f\u0131ya gelecek.<\/p>\n<p>&#13;<\/p>\n<p>M\u00fccadele \u00f6ncesi <a href=\"https:\/\/www.fotomac.com.tr\/haberleri\/okan-buruk?id=bc99d060-56a9-46cc-af2d-2d9d5cab108f\" class=\"\">Okan Buruk<\/a> a\u00e7\u0131klamalarda bulundu.<\/p>\n<p>&#13;<\/p>\n<p><strong>\u0130\u015eTE BURUK&#8217;UN S\u00d6ZLER\u0130:<\/strong><\/p>\n<p>&#13;<\/p>\n<p>Lider olmak istiyoruz. Saha zemini \u00e7ok g\u00fczel bu konuda Pendikspor&#8217;u tebrik ediyorum.<\/p>\n<p>&#13;<\/p>\n<p>Ma\u00e7ta kendi oyunumuzu oynamak istiyoruz.<\/p>\n<p>&#13;<\/p>\n<p>Abd\u00fclkerim Bardakc\u0131 ve Zaha Manchester United ma\u00e7\u0131na i\u011fneyle \u00e7\u0131km\u0131\u015flard\u0131. Onlar\u0131 dinlendirmek istedim.<\/p>\n<p>&#13;<br \/>\n&#13;<br \/>\n&#13;<br \/>\n                            &#13;<br \/>\n&#13;\n                <\/p><\/div>\n","protected":false},"excerpt":{"rendered":"","protected":false},"author":1,"featured_media":2554,"comment_status":"open","ping_status":"open","sticky":false,"template":"","format":"standard","meta":{"footnotes":""},"categories":[29],"tags":[],"class_list":["post-2553","post","type-post","status-publish","format-standard","has-post-thumbnail","hentry","category-spor"],"_links":{"self":[{"href":"https:\/\/haberkaradenizim.com\/index.php\/wp-json\/wp\/v2\/posts\/2553","targetHints":{"allow":["GET"]}}],"collection":[{"href":"https:\/\/haberkaradenizim.com\/index.php\/wp-json\/wp\/v2\/posts"}],"about":[{"href":"https:\/\/haberkaradenizim.com\/index.php\/wp-json\/wp\/v2\/types\/post"}],"author":[{"embeddable":true,"href":"https:\/\/haberkaradenizim.com\/index.php\/wp-json\/wp\/v2\/users\/1"}],"replies":[{"embeddable":true,"href":"https:\/\/haberkaradenizim.com\/index.php\/wp-json\/wp\/v2\/comments?post=2553"}],"version-history":[{"count":0,"href":"https:\/\/haberkaradenizim.com\/index.php\/wp-json\/wp\/v2\/posts\/2553\/revisions"}],"wp:featuredmedia":[{"embeddable":true,"href":"https:\/\/haberkaradenizim.com\/index.php\/wp-json\/wp\/v2\/media\/2554"}],"wp:attachment":[{"href":"https:\/\/haberkaradenizim.com\/index.php\/wp-json\/wp\/v2\/media?parent=2553"}],"wp:term":[{"taxonomy":"category","embeddable":true,"href":"https:\/\/haberkaradenizim.com\/index.php\/wp-json\/wp\/v2\/categories?post=2553"},{"taxonomy":"post_tag","embeddable":true,"href":"https:\/\/haberkaradenizim.com\/index.php\/wp-json\/wp\/v2\/tags?post=2553"}],"curies":[{"name":"wp","href":"https:\/\/api.w.org\/{rel}","templated":true}]}}