{"id":2549,"date":"2023-12-02T06:44:10","date_gmt":"2023-12-02T03:44:10","guid":{"rendered":"https:\/\/haberkaradenizim.com\/index.php\/2023\/12\/02\/emre-belozogludan-olay-sozler-son-nefesime-kadar-fenerbahce\/"},"modified":"2023-12-02T06:44:10","modified_gmt":"2023-12-02T03:44:10","slug":"emre-belozogludan-olay-sozler-son-nefesime-kadar-fenerbahce","status":"publish","type":"post","link":"https:\/\/haberkaradenizim.com\/index.php\/2023\/12\/02\/emre-belozogludan-olay-sozler-son-nefesime-kadar-fenerbahce\/","title":{"rendered":"Emre Bel\u00f6zo\u011flu\u2019dan olay s\u00f6zler! Son nefesime kadar Fenerbah\u00e7e"},"content":{"rendered":"<p><\n\n<div data-index=\"4\">\n<figure class=\"featured-image view-10 view-md-20\">&#13;<br \/>\n                                    <a href=\"https:\/\/iaftm.tmgrup.com.tr\/669764\/0\/0\/0\/0\/0\/0?u=https:\/\/iftm.tmgrup.com.tr\/album\/2023\/12\/02\/emre-belozogludan-olay-sozler-son-nefesime-kadar-fenerbahce-1701470679570.jpg&amp;mw=1200&amp;l=1\" class=\"fancybox-effects\">&#13;\n                                        <picture>&#13;<br \/>\n                                            <img decoding=\"async\" src=\"https:\/\/iaftm.tmgrup.com.tr\/9616e0\/0\/0\/0\/0\/0\/0?u=https:\/\/iftm.tmgrup.com.tr\/album\/2023\/12\/02\/emre-belozogludan-olay-sozler-son-nefesime-kadar-fenerbahce-1701470679570.jpg&amp;mw=752&amp;mh=700&amp;l=1\" alt=\"Emre Bel\u00f6zo\u011flu'dan olay s\u00f6zler! &quot;Son nefesime kadar Fenerbah\u00e7e&quot;\" class=\"lazyload\"\/> <!-- mobile -->&#13;\n                                        <\/picture>&#13;<br \/>\n                                    <\/a>&#13;<br \/>\n                                <\/figure>\n<section class=\"detail-text-content\">&#13;<\/p>\n<p><strong>&#8220;B\u0130R G\u00dcN B\u00dcY\u00dcK TAKIM \u00c7ALI\u015eTIRACAKSAM FENERBAH\u00c7E OLMASINI \u0130STER\u0130M&#8221;<\/strong><\/p>\n<p>&#8220;Ben Galatasaray&#8217;\u0131n ba\u015f\u0131nda Okan Buruk&#8217;tan sonra Arda Turan, Sel\u00e7uk \u0130nan&#8217;\u0131 g\u00f6rmek isterim. Onlar\u0131 oraya daha \u00e7ok yak\u0131\u015ft\u0131r\u0131r\u0131m. T\u00fcrkiye&#8217;de bir g\u00fcn b\u00fcy\u00fck tak\u0131m \u00e7al\u0131\u015ft\u0131racaksam <a href=\"https:\/\/www.fotomac.com.tr\/haberleri\/fenerbahce\" target=\"_blank\" class=\"tkktLnk\" rel=\"noopener\">Fenerbah\u00e7e<\/a> olmas\u0131n\u0131 isterim.&#8221;<\/p>\n<p>  &#13;<br \/>\n&#13;<br \/>\n&#13;<br \/>\n                                <\/section>\n<\/p><\/div>\n<div data-index=\"5\">\n<figure class=\"featured-image view-10 view-md-20\">&#13;<br \/>\n                                    <a href=\"https:\/\/iaftm.tmgrup.com.tr\/4e770b\/0\/0\/0\/0\/0\/0?u=https:\/\/iftm.tmgrup.com.tr\/album\/2023\/12\/02\/emre-belozogludan-olay-sozler-son-nefesime-kadar-fenerbahce-1701470678359.jpg&amp;mw=1200&amp;l=1\" class=\"fancybox-effects\">&#13;\n                                        <picture>&#13;<br \/>\n                                            <img decoding=\"async\" src=\"https:\/\/iaftm.tmgrup.com.tr\/7aad40\/0\/0\/0\/0\/0\/0?u=https:\/\/iftm.tmgrup.com.tr\/album\/2023\/12\/02\/emre-belozogludan-olay-sozler-son-nefesime-kadar-fenerbahce-1701470678359.jpg&amp;mw=752&amp;mh=700&amp;l=1\" alt=\"Emre Bel\u00f6zo\u011flu'dan olay s\u00f6zler! &quot;Son nefesime kadar Fenerbah\u00e7e&quot;\" class=\"lazyload\"\/> <!-- mobile -->&#13;\n                                        <\/picture>&#13;<br \/>\n                                    <\/a>&#13;<br \/>\n                                <\/figure>\n<section class=\"detail-text-content\">&#13;<\/p>\n<p><strong>&#8220;T\u00dcRK\u0130YE&#8217;DE \u015e\u00d6HRET\u0130N KAR\u015eILI\u011eI ALGIDAN \u0130BARET&#8221;<\/strong><\/p>\n<p>&#8220;T\u00fcrkiye&#8217;de \u015f\u00f6hretin kar\u015f\u0131l\u0131\u011f\u0131 bir\u00e7ok kez alg\u0131dan ibaret. Alg\u0131, her zaman ger\u00e7e\u011fin \u00f6n\u00fcne ge\u00e7iyor. Bununla m\u00fccadele edemeyece\u011fimi, bunun bo\u015f bir hayal oldu\u011funu g\u00f6rd\u00fcm.&#8221;<\/p>\n<p>  &#13;<br \/>\n&#13;<br \/>\n&#13;<br \/>\n                                <\/section>\n<\/p><\/div>\n<div data-index=\"6\">\n<figure class=\"featured-image view-10 view-md-20\">&#13;<br \/>\n                                    <a href=\"https:\/\/iaftm.tmgrup.com.tr\/be4d0c\/0\/0\/0\/0\/0\/0?u=https:\/\/iftm.tmgrup.com.tr\/album\/2023\/12\/02\/emre-belozogludan-olay-sozler-son-nefesime-kadar-fenerbahce-1701470683919.jpg&amp;mw=1200&amp;l=1\" class=\"fancybox-effects\">&#13;\n                                        <picture>&#13;<br \/>\n                                            <img decoding=\"async\" src=\"https:\/\/iaftm.tmgrup.com.tr\/dcd668\/0\/0\/0\/0\/0\/0?u=https:\/\/iftm.tmgrup.com.tr\/album\/2023\/12\/02\/emre-belozogludan-olay-sozler-son-nefesime-kadar-fenerbahce-1701470683919.jpg&amp;mw=752&amp;mh=700&amp;l=1\" alt=\"Emre Bel\u00f6zo\u011flu'dan olay s\u00f6zler! &quot;Son nefesime kadar Fenerbah\u00e7e&quot;\" class=\"lazyload\"\/> <!-- mobile -->&#13;\n                                        <\/picture>&#13;<br \/>\n                                    <\/a>&#13;<br \/>\n                                <\/figure>\n<section class=\"detail-text-content\">&#13;<\/p>\n<p><strong>&#8220;SON NEFES\u0130ME KADAR FENERBAH\u00c7E&#8221;<\/strong><\/p>\n<p>&#8220;<a href=\"https:\/\/www.fotomac.com.tr\/haberleri\/fenerbahce\" target=\"_blank\" class=\"tkktLnk\" rel=\"noopener\">Fenerbah\u00e7e<\/a>&#8216;nin ta kendisi olan oyunculardan biriyim. Son nefesime kadar Fenerbah\u00e7e.&#8221;<\/p>\n<p>&#13;<br \/>\n&#13;<br \/>\n                                            &#13;<br \/>\n&#13;<br \/>\n                                <\/section>\n<\/p><\/div>\n","protected":false},"excerpt":{"rendered":"<p>< &#13; &#13; &#13; &#13; &#13; &#13; &#13; &#8220;B\u0130R G\u00dcN B\u00dcY\u00dcK TAKIM \u00c7ALI\u015eTIRACAKSAM FENERBAH\u00c7E OLMASINI\n<\/p>\n","protected":false},"author":1,"featured_media":2550,"comment_status":"open","ping_status":"open","sticky":false,"template":"","format":"standard","meta":{"footnotes":""},"categories":[29],"tags":[],"class_list":["post-2549","post","type-post","status-publish","format-standard","has-post-thumbnail","hentry","category-spor"],"_links":{"self":[{"href":"https:\/\/haberkaradenizim.com\/index.php\/wp-json\/wp\/v2\/posts\/2549","targetHints":{"allow":["GET"]}}],"collection":[{"href":"https:\/\/haberkaradenizim.com\/index.php\/wp-json\/wp\/v2\/posts"}],"about":[{"href":"https:\/\/haberkaradenizim.com\/index.php\/wp-json\/wp\/v2\/types\/post"}],"author":[{"embeddable":true,"href":"https:\/\/haberkaradenizim.com\/index.php\/wp-json\/wp\/v2\/users\/1"}],"replies":[{"embeddable":true,"href":"https:\/\/haberkaradenizim.com\/index.php\/wp-json\/wp\/v2\/comments?post=2549"}],"version-history":[{"count":0,"href":"https:\/\/haberkaradenizim.com\/index.php\/wp-json\/wp\/v2\/posts\/2549\/revisions"}],"wp:featuredmedia":[{"embeddable":true,"href":"https:\/\/haberkaradenizim.com\/index.php\/wp-json\/wp\/v2\/media\/2550"}],"wp:attachment":[{"href":"https:\/\/haberkaradenizim.com\/index.php\/wp-json\/wp\/v2\/media?parent=2549"}],"wp:term":[{"taxonomy":"category","embeddable":true,"href":"https:\/\/haberkaradenizim.com\/index.php\/wp-json\/wp\/v2\/categories?post=2549"},{"taxonomy":"post_tag","embeddable":true,"href":"https:\/\/haberkaradenizim.com\/index.php\/wp-json\/wp\/v2\/tags?post=2549"}],"curies":[{"name":"wp","href":"https:\/\/api.w.org\/{rel}","templated":true}]}}