{"id":2545,"date":"2023-12-01T18:43:24","date_gmt":"2023-12-01T15:43:24","guid":{"rendered":"https:\/\/haberkaradenizim.com\/index.php\/2023\/12\/01\/tff-tahkim-kurulu-fenerbahce-ve-ali-kocun-cezalarini-onadi-son-dakika-fenerbahce-haberleri\/"},"modified":"2023-12-01T18:43:24","modified_gmt":"2023-12-01T15:43:24","slug":"tff-tahkim-kurulu-fenerbahce-ve-ali-kocun-cezalarini-onadi-son-dakika-fenerbahce-haberleri","status":"publish","type":"post","link":"https:\/\/haberkaradenizim.com\/index.php\/2023\/12\/01\/tff-tahkim-kurulu-fenerbahce-ve-ali-kocun-cezalarini-onadi-son-dakika-fenerbahce-haberleri\/","title":{"rendered":"TFF Tahkim Kurulu, Fenerbah\u00e7e ve Ali Ko\u00e7\u2019un cezalar\u0131n\u0131 onad\u0131 &#8211; Son dakika Fenerbah\u00e7e haberleri"},"content":{"rendered":"<p><<img decoding=\"async\" src=\"https:\/\/iaftm.tmgrup.com.tr\/5fb6e5\/622\/349\/0\/0\/1280\/717?u=https:\/\/iftm.tmgrup.com.tr\/2023\/12\/01\/tff-tahkim-kurulu-fenerbahce-ve-ali-kocun-cezalarini-onadi-1701441440994.jpeg\" \/><\/p>\n<div id=\"\">&#13;<br \/>\n&#13;<br \/>\n&#13;<\/p>\n<p><a href=\"https:\/\/www.fotomac.com.tr\/haberleri\/turkiye-futbol-federasyonu?id=3160edb3-58eb-4cfb-95c6-53500b9a5e9d\" class=\"\">T\u00fcrkiye Futbol Federasyonu<\/a> (TFF) Tahkim Kurulu, <a href=\"https:\/\/www.fotomac.com.tr\/haberleri\/profesyonel-futbol-disiplin-kurulunun?id=1f77826d-18e7-45f7-b55e-3b41e37ac838\" class=\"\">Profesyonel Futbol Disiplin Kurulunun<\/a> (PFDK) <a href=\"https:\/\/www.fotomac.com.tr\/haberleri\/fenerbahce?id=65439000-410e-4c14-94da-0622ac043911\" class=\"\">Fenerbah\u00e7e<\/a> ile <a href=\"https:\/\/www.fotomac.com.tr\/haberleri\/ali-koc?id=3c5d8c60-4ef8-42d3-b46e-c4048736de7b\" class=\"\">Ali Ko\u00e7<\/a>&#8216;a verdi\u011fi cezalar\u0131 onad\u0131.<\/p>\n<p>&#13;<\/p>\n<p>TFF&#8217;den yap\u0131lan a\u00e7\u0131klamaya g\u00f6re, kurul, merdiven bo\u015fluklar\u0131n\u0131n bo\u015f b\u0131rak\u0131lmamas\u0131 ve taraftarlar\u0131n\u0131n sebep oldu\u011fu saha olaylar\u0131 sebebiyle Fenerbah\u00e7e&#8217;ye verilen toplam 329 bin liral\u0131k para cezas\u0131n\u0131 onama karar\u0131 ald\u0131.<\/p>\n<p>&#13;<\/p>\n<p>Kurul, ayr\u0131ca sportmenli\u011fe ayk\u0131r\u0131 hareketi, hakem ile di\u011fer m\u00fcsabaka g\u00f6revlileri hakk\u0131ndaki a\u00e7\u0131klamalar\u0131 nedeniyle Fenerbah\u00e7e Ba\u015fkan\u0131 Ali Ko\u00e7&#8217;a verilen 45 g\u00fcn hak mahrumiyeti ve 210 bin lira para cezas\u0131n\u0131n onanmas\u0131n\u0131 kararla\u015ft\u0131rd\u0131.<\/p>\n<p>&#13;<br \/>\n&#13;<br \/>\n&#13;<br \/>\n&#13;<br \/>\n                            &#13;<br \/>\n&#13;\n                <\/p><\/div>\n","protected":false},"excerpt":{"rendered":"","protected":false},"author":1,"featured_media":2546,"comment_status":"open","ping_status":"open","sticky":false,"template":"","format":"standard","meta":{"footnotes":""},"categories":[29],"tags":[],"class_list":["post-2545","post","type-post","status-publish","format-standard","has-post-thumbnail","hentry","category-spor"],"_links":{"self":[{"href":"https:\/\/haberkaradenizim.com\/index.php\/wp-json\/wp\/v2\/posts\/2545","targetHints":{"allow":["GET"]}}],"collection":[{"href":"https:\/\/haberkaradenizim.com\/index.php\/wp-json\/wp\/v2\/posts"}],"about":[{"href":"https:\/\/haberkaradenizim.com\/index.php\/wp-json\/wp\/v2\/types\/post"}],"author":[{"embeddable":true,"href":"https:\/\/haberkaradenizim.com\/index.php\/wp-json\/wp\/v2\/users\/1"}],"replies":[{"embeddable":true,"href":"https:\/\/haberkaradenizim.com\/index.php\/wp-json\/wp\/v2\/comments?post=2545"}],"version-history":[{"count":0,"href":"https:\/\/haberkaradenizim.com\/index.php\/wp-json\/wp\/v2\/posts\/2545\/revisions"}],"wp:featuredmedia":[{"embeddable":true,"href":"https:\/\/haberkaradenizim.com\/index.php\/wp-json\/wp\/v2\/media\/2546"}],"wp:attachment":[{"href":"https:\/\/haberkaradenizim.com\/index.php\/wp-json\/wp\/v2\/media?parent=2545"}],"wp:term":[{"taxonomy":"category","embeddable":true,"href":"https:\/\/haberkaradenizim.com\/index.php\/wp-json\/wp\/v2\/categories?post=2545"},{"taxonomy":"post_tag","embeddable":true,"href":"https:\/\/haberkaradenizim.com\/index.php\/wp-json\/wp\/v2\/tags?post=2545"}],"curies":[{"name":"wp","href":"https:\/\/api.w.org\/{rel}","templated":true}]}}