{"id":2541,"date":"2023-12-01T06:41:16","date_gmt":"2023-12-01T03:41:16","guid":{"rendered":"https:\/\/haberkaradenizim.com\/index.php\/2023\/12\/01\/liverpool-4-0-lask-mac-sonucu-ozet-son-dakika-uefa-avrupa-ligi-haberleri\/"},"modified":"2023-12-01T06:41:16","modified_gmt":"2023-12-01T03:41:16","slug":"liverpool-4-0-lask-mac-sonucu-ozet-son-dakika-uefa-avrupa-ligi-haberleri","status":"publish","type":"post","link":"https:\/\/haberkaradenizim.com\/index.php\/2023\/12\/01\/liverpool-4-0-lask-mac-sonucu-ozet-son-dakika-uefa-avrupa-ligi-haberleri\/","title":{"rendered":"Liverpool 4 &#8211; 0 LASK MA\u00c7 SONUCU &#8211; \u00d6ZET &#8211; Son dakika UEFA Avrupa Ligi haberleri"},"content":{"rendered":"<p><<img decoding=\"async\" src=\"https:\/\/iaftm.tmgrup.com.tr\/fc2cbc\/622\/349\/0\/0\/2048\/1147?u=https:\/\/iftm.tmgrup.com.tr\/2023\/12\/01\/liverpool-4-0-lask-mac-sonucu-ozet-1701383546117.jpg\" \/><\/p>\n<div id=\"\">&#13;<br \/>\n&#13;<br \/>\n&#13;<\/p>\n<p><a href=\"https:\/\/www.fotomac.com.tr\/haberleri\/uefa-avrupa-ligi-e-grubu?id=bdead4d0-ce2a-4e18-9017-8bc20a0f50d1\" class=\"\">UEFA Avrupa Ligi E Grubu 5<\/a>. hafta ma\u00e7\u0131nda <a href=\"https:\/\/www.fotomac.com.tr\/haberleri\/liverpool?id=db9cc489-cd81-43d6-a33f-869437520241\" class=\"\">Liverpool<\/a> ile <a href=\"https:\/\/www.fotomac.com.tr\/haberleri\/lask?id=7f863815-f58f-4fc0-a0af-39a26f58486b\" class=\"\">LASK<\/a> kar\u015f\u0131la\u015ft\u0131.<\/p>\n<p>&#13;<br \/>\n&#13;<\/p>\n<p>\u0130ngiliz ekibi m\u00fccadeleyi 4-0 kazand\u0131. <\/p>\n<p>&#13;<br \/>\n&#13;<\/p>\n<p>Liverpool&#8217;un gollerini 12. dakikada <a href=\"https:\/\/www.fotomac.com.tr\/haberleri\/luis-diaz?id=eb52c164-7f9f-40f5-a7c9-19cbbf41b492\" class=\"\">Luis Diaz<\/a>, 15. ve 90. dakikalarda <a href=\"https:\/\/www.fotomac.com.tr\/haberleri\/cody-gakpo?id=eae43523-79ba-42c8-b8db-dbf4fc21dbe6\" class=\"\">Cody Gakpo<\/a> ve 51. dakikada penalt\u0131dan <a href=\"https:\/\/www.fotomac.com.tr\/haberleri\/mohamed-salah?id=4219d5f3-9b0d-47e1-9b0c-051c93410750\" class=\"\">Mohamed Salah<\/a> kaydetti. <\/p>\n<p>&#13;<br \/>\n&#13;<\/p>\n<p>Puan\u0131n\u0131 12&#8217;ye y\u00fckselten Liverpool, bitime bir ma\u00e7 kala gruptan \u00e7\u0131kmay\u0131 garantiledi. Son s\u0131radaki LASK ise 3 puanda kald\u0131.<\/p>\n<p>&#13;<br \/>\n&#13;<br \/>\n&#13;<br \/>\n&#13;<br \/>\n&#13;\n                <\/p><\/div>\n","protected":false},"excerpt":{"rendered":"","protected":false},"author":1,"featured_media":2542,"comment_status":"open","ping_status":"open","sticky":false,"template":"","format":"standard","meta":{"footnotes":""},"categories":[29],"tags":[],"class_list":["post-2541","post","type-post","status-publish","format-standard","has-post-thumbnail","hentry","category-spor"],"_links":{"self":[{"href":"https:\/\/haberkaradenizim.com\/index.php\/wp-json\/wp\/v2\/posts\/2541","targetHints":{"allow":["GET"]}}],"collection":[{"href":"https:\/\/haberkaradenizim.com\/index.php\/wp-json\/wp\/v2\/posts"}],"about":[{"href":"https:\/\/haberkaradenizim.com\/index.php\/wp-json\/wp\/v2\/types\/post"}],"author":[{"embeddable":true,"href":"https:\/\/haberkaradenizim.com\/index.php\/wp-json\/wp\/v2\/users\/1"}],"replies":[{"embeddable":true,"href":"https:\/\/haberkaradenizim.com\/index.php\/wp-json\/wp\/v2\/comments?post=2541"}],"version-history":[{"count":0,"href":"https:\/\/haberkaradenizim.com\/index.php\/wp-json\/wp\/v2\/posts\/2541\/revisions"}],"wp:featuredmedia":[{"embeddable":true,"href":"https:\/\/haberkaradenizim.com\/index.php\/wp-json\/wp\/v2\/media\/2542"}],"wp:attachment":[{"href":"https:\/\/haberkaradenizim.com\/index.php\/wp-json\/wp\/v2\/media?parent=2541"}],"wp:term":[{"taxonomy":"category","embeddable":true,"href":"https:\/\/haberkaradenizim.com\/index.php\/wp-json\/wp\/v2\/categories?post=2541"},{"taxonomy":"post_tag","embeddable":true,"href":"https:\/\/haberkaradenizim.com\/index.php\/wp-json\/wp\/v2\/tags?post=2541"}],"curies":[{"name":"wp","href":"https:\/\/api.w.org\/{rel}","templated":true}]}}