{"id":2539,"date":"2023-11-30T20:39:00","date_gmt":"2023-11-30T17:39:00","guid":{"rendered":"https:\/\/haberkaradenizim.com\/index.php\/2023\/11\/30\/saglik-mudurlugunde-atamalarda-ahbap-cavus-iliskileri\/"},"modified":"2023-11-30T20:39:00","modified_gmt":"2023-11-30T17:39:00","slug":"saglik-mudurlugunde-atamalarda-ahbap-cavus-iliskileri","status":"publish","type":"post","link":"https:\/\/haberkaradenizim.com\/index.php\/2023\/11\/30\/saglik-mudurlugunde-atamalarda-ahbap-cavus-iliskileri\/","title":{"rendered":"Sa\u011fl\u0131k M\u00fcd\u00fcrl\u00fc\u011f\u00fcnde atamalarda ahbap \u00e7avu\u015f ili\u015fkileri"},"content":{"rendered":"<div data-text-id=\"30344\" property=\"articleBody\">\n<p>                                <a href=\"https:\/\/www.saglikpersonelihaber.net\/haberleri\" class=\"internal_link\" target=\"_blank\" title=\"\" rel=\"noopener\"><\/p>\n<p>\u015eimdi ise Aral\u0131k ay\u0131nda s\u00fcreleri bitecek olan hastane m\u00fcd\u00fcrleri ve di\u011fer personelin atamalar\u0131n\u0131n yap\u0131laca\u011f\u0131 belirtiliyor. Denge Gazetesi yazar\u0131 Adnan Bahad\u0131r, bug\u00fcnk\u00fc k\u00f6\u015fe yaz\u0131s\u0131nda sa\u011fl\u0131k sekt\u00f6r\u00fcndeki atamalara dair \u00f6nemli tespitlerde bulunarak, &#8220;baz\u0131 ger\u00e7ekleri yazmak zaruri oldu&#8221; ifadesini kulland\u0131.<\/p>\n<div class=\"post-flash\">\n        <!--\n\n<h3 class=\"post-flash__title\">G&ouml;zden ka&ccedil;&#305;rmay&#305;n<\/h3>\n\n--><br \/>\n                <a href=\"https:\/\/www.saglikpersonelihaber.net\/devlet-hastanesine-bashekim-uzmdrhabip-resul-birinci-atandi\" class=\"post-flash__content\" target=\"_self\" title=\"Devlet Hastanesine Ba\u015fhekim Uzm.Dr.Habip Resul Birinci Atand\u0131.\" style=\"background-color: #1C38A6\" rel=\"noopener\"><br \/>\n            <img loading=\"lazy\" decoding=\"async\" src=\"https:\/\/saglikpersonelihabernet.teimg.com\/crop\/250x150\/saglikpersonelihaber-net\/uploads\/2023\/11\/dr-resul-birinci.jpg\" alt=\"Devlet Hastanesine Ba\u015fhekim Uzm.Dr.Habip Resul Birinci Atand\u0131.\" width=\"231\" height=\"140\" class=\"content-paragraph-image\"\/><br \/>\n            <span class=\"post-flash__heading\"><br \/>\n                <span class=\"post-flash__h4\">Devlet Hastanesine Ba\u015fhekim Uzm.Dr.Habip Resul Birinci Atand\u0131.<\/span><br \/>\n            <\/span><br \/>\n        <\/a>\n            <\/div>\n<h3>ASLAN KAYHAN&#8217;A D\u0130KKAT \u00c7EKT\u0130<\/h3>\n<p>Bahad\u0131r, yaz\u0131s\u0131nda \u0130l Sa\u011fl\u0131k M\u00fcd\u00fcr\u00fc atand\u0131ktan sonra daire ba\u015fkanl\u0131klar\u0131 ve hastane ba\u015fhekimliklerine yap\u0131lan atamalara de\u011findi. \u00d6zellikle Aslan Kayhan&#8217;\u0131n daire ba\u015fkan\u0131 olarak atanmas\u0131n\u0131 olumlu bir tercih olarak de\u011ferlendiren Bahad\u0131r, Kayhan&#8217;\u0131n ge\u00e7mi\u015f deneyimleri ve d\u00fcr\u00fcst y\u00f6netimiyle tan\u0131nan bir isim oldu\u011funu vurgulad\u0131.<\/p>\n<h3>G\u00dcLAY&#8217;A YAPILAN ELE\u015eT\u0130R\u0130LER<\/h3>\n<p>Yine yaz\u0131da, halk sa\u011fl\u0131\u011f\u0131 ba\u015fkan yard\u0131mc\u0131l\u0131\u011f\u0131na atanan Dr. \u015eevki G\u00fclay&#8217;a y\u00f6nelik yap\u0131lan ele\u015ftirilere de de\u011finildi. Bahad\u0131r, G\u00fclay&#8217;\u0131n liyakati ve ba\u015far\u0131lar\u0131na vurgu yaparak, atamas\u0131n\u0131n tamamen ailevi ili\u015fkilerle alakal\u0131 olmad\u0131\u011f\u0131n\u0131 savundu.<\/p>\n<p>Ge\u00e7mi\u015fteki atama s\u00fcre\u00e7lerine de de\u011finen Bahad\u0131r, Sa\u011fl\u0131k-Sen \u015eube Ba\u015fkan\u0131yla yapt\u0131\u011f\u0131 g\u00f6r\u00fc\u015fmeyede de\u011findi. Sa\u011fl\u0131k-Sen Samsun \u015eube Ba\u015fkan\u0131 \u0130lyas Bi\u00e7er&#8217;in \u00f6nerilerini de\u011ferlendiren Bahad\u0131r, Bi\u00e7er&#8217;in kurumlarda verimlili\u011fi \u00f6n planda tutan bir isim oldu\u011funu belirtti.<\/p>\n<p style=\"text-align: justify;\">Eskiden sa\u011fl\u0131ktaki atamalar\u0131n ba\u015fhekim ve yard\u0131mc\u0131lar\u0131 k\u0131sm\u0131n\u0131 vekillerle il ba\u015fkanl\u0131\u011f\u0131 isti\u015fare ederek yapard\u0131. Hastane y\u00f6neticileriyle ilgili k\u0131sm\u0131n\u0131 ise Sa\u011fl\u0131k-Sen\u2019le te\u015fkilat ve vekiller isti\u015fare ederek yaparlard\u0131. Bu d\u00f6nemde hastane ba\u015fhekimleriyle ilgili AK Parti camias\u0131ndan Allah kulunun onay vermedi\u011fi Gazi Devlet Hastanesi ba\u015fhekiminin atamas\u0131 MHP\u2019li vekilin bast\u0131rmas\u0131yla sa\u011fl\u0131k bakan\u0131 taraf\u0131ndan yap\u0131l\u0131rken AK Partili siyasiler taraf\u0131ndan sadece izlenmekle yetinildi. Di\u011fer ba\u015fhekimliklerde ise atamalar il ba\u015fkanl\u0131\u011f\u0131yla vekillerin g\u00f6r\u00fc\u015f\u00fc al\u0131narak yap\u0131lm\u0131\u015f.<\/p>\n<h3 style=\"text-align: justify;\">SA\u011eLIK SEN&#8217;E YAKIN \u0130S\u0130MLERE NE\u015eTER!<\/h3>\n<p style=\"text-align: justify;\">\u015eimdi hastane m\u00fcd\u00fcrl\u00fckleri atamas\u0131 yap\u0131lacak, Sa\u011fl\u0131k-Sen\u2019e yak\u0131n isimler adeta harcanmak i\u00e7in b\u00fcy\u00fck bir u\u011fra\u015f verilmekte. Eski il milli e\u011fitim m\u00fcd\u00fcr\u00fc, Memur-Sen ile ters d\u00fc\u015ft\u00fc\u011f\u00fcnden g\u00f6revden al\u0131nd\u0131 ve \u015fimdiki bakana \u00e7ok yak\u0131n olmas\u0131na ra\u011fmen hala daha adama g\u00f6rev verilmedi. Sa\u011fl\u0131k-Sen denilince; 12.600 sa\u011fl\u0131k \u00e7al\u0131\u015fan\u0131n\u0131n 6800\u2019\u00fcn\u00fcn Sa\u011fl\u0131k-Sen\u2019e \u00fcye oldu\u011funu ve h\u00fck\u00fcmete her zaman her t\u00fcrl\u00fc deste\u011fi veren bir sendika oldu\u011funu unutmayal\u0131m.<\/p>\n<p style=\"text-align: justify;\">Sa\u011fl\u0131k-Sen Samsun \u015eube Ba\u015fkan\u0131 olan \u0130lyas Bi\u00e7er\u2019i \u00e7ok iyi tan\u0131r ve severim. D\u00fczg\u00fcn biridir, kendisiyle de ara s\u0131ra g\u00f6r\u00fc\u015f\u00fcr\u00fcm. Bildi\u011fim kadar\u0131 ile bu arkada\u015f\u0131m\u0131z kurumlarda her zaman verimlili\u011fi \u00f6n planda tutan, sa\u011fl\u0131k sekt\u00f6r\u00fcn\u00fc \u00e7ok iyi bilen sa\u011fl\u0131k k\u00f6kenli, hem sa\u011fl\u0131kta hem de idarecilikte deneyimli sendikac\u0131 ve hizmeti de \u00f6n planda tutan bir arkada\u015f\u0131m\u0131zd\u0131r. Bu arkada\u015f\u0131m\u0131z\u0131n fikirleri mutlaka \u00f6nemsenmeli. Kendisiyle atamalarla ilgili \u015fu ana dek hi\u00e7 konu\u015fmam\u0131\u015ft\u0131m, d\u00fcn aray\u0131p kimleri teklif etti\u011fini sordu\u011fumda, \u201cA\u011fabey, biz y\u00f6netim kurulu arkada\u015flar\u0131m\u0131zla \u015f\u00f6yle bir karar ald\u0131k; nokta at\u0131\u015f\u0131 bir talebimiz olmad\u0131. Birileri ile ilgili g\u00f6r\u00fc\u015f bildirdi\u011fimizde di\u011fer arkada\u015flar\u0131m\u0131z \u00fcz\u00fcl\u00fcr, o nedenle sisteme faydas\u0131 olaca\u011f\u0131n\u0131 d\u00fc\u015f\u00fcnd\u00fc\u011f\u00fcm\u00fcz arkada\u015flar\u0131 yer belirtmeden M\u00fcd\u00fcr Bey\u2019in insiyatifine b\u0131rakarak bir liste sunduk. Onlar\u0131n i\u00e7inden istedi\u011finizi se\u00e7in atay\u0131n dedik.\u201d dedi.<\/p>\n<p style=\"text-align: justify;\">Burada en can s\u0131k\u0131c\u0131 geli\u015fme, \u0130lyas Bi\u00e7er\u2019in kar\u015f\u0131s\u0131na sendikada aday olarak \u00e7\u0131k\u0131p hi\u00e7 oy alamam\u0131\u015f ve daha \u00f6nceki d\u00f6nemlerde g\u00f6rev yapt\u0131\u011f\u0131 hastanede \u00e7al\u0131\u015fanlar\u0131 ikiye b\u00f6len kutupla\u015ft\u0131r\u0131c\u0131 bir tav\u0131r tak\u0131nan arkada\u015f\u0131 \u0131srarla E\u011fitim Ara\u015ft\u0131rma\u2019da mali i\u015fler m\u00fcd\u00fcrl\u00fc\u011f\u00fcne atatmak isteyen parti y\u00f6neticilerinin ne yapmak istedi\u011fini anlam\u0131\u015f de\u011filim. \u015eehir Hastanesinin bitme a\u015famas\u0131na geldi\u011fi ve orada yap\u0131lacak milyarlarca liral\u0131k sat\u0131n almalar g\u00f6z \u00f6n\u00fcne al\u0131nd\u0131\u011f\u0131nda idari mali i\u015flere yap\u0131lacak olan atama ne kadar \u00f6nemlidir sizler takdir edin. Bu arkada\u015f \u00e7ok \u00f6nemliyse ba\u015fka birimlerde \u00e7al\u0131\u015ft\u0131rs\u0131nlar, bu yap\u0131lan bask\u0131y\u0131 kabullenmek m\u00fcmk\u00fcn de\u011fil.<\/p>\n<p style=\"text-align: justify;\"><strong>Gelen bilgiler do\u011fruysa; <\/strong>siyaset\u00e7iler liyak\u00e2t ve kariyere bakmaks\u0131z\u0131n sadece ahbap \u00e7avu\u015f ili\u015fkilerini \u00f6n planda tutarak taleplerde bulunmaktalar. Allah a\u015fk\u0131na b\u00f6yle bir sa\u00e7mal\u0131k olabilir mi? Akl\u0131n\u0131z\u0131 ba\u015f\u0131n\u0131za al\u0131n beyler. Bir de son zamanlarda sa\u011fl\u0131ktan sorumlu il y\u00f6netimindeki arkada\u015f\u0131n hastanelere gidip y\u00f6neticilere m\u00fcdahale etti\u011fi bilgisi geldi. Bu do\u011fruysa ger\u00e7ekten fecaat, sa\u011fl\u0131k camias\u0131 bu t\u00fcr s\u0131k\u0131nt\u0131lar\u0131 kald\u0131rmaz.<\/p>\n<p style=\"text-align: justify;\">\u00d6n\u00fcm\u00fczdeki se\u00e7imlerde bu t\u00fcr konular ciddi anlamda zarar verir, herkes akl\u0131n\u0131 ba\u015f\u0131na als\u0131n. Yoksa milyonluk motosikletlere binenlerden memur maa\u015f\u0131yla yap\u0131lan mal varl\u0131klar\u0131n\u0131 ele alaca\u011f\u0131m yaz\u0131lar ar\u015fivde sakl\u0131 haberleri olsun. San\u0131r\u0131m matlup h\u00e2s\u0131l oldu, bug\u00fcnl\u00fck de bu kadar. Kal\u0131n sa\u011fl\u0131cakla.<\/p>\n<\/p><\/div>\n","protected":false},"excerpt":{"rendered":"<p>\u015eimdi ise Aral\u0131k ay\u0131nda s\u00fcreleri bitecek olan hastane m\u00fcd\u00fcrleri ve di\u011fer personelin atamalar\u0131n\u0131n yap\u0131laca\u011f\u0131 belirtiliyor.<\/p>\n","protected":false},"author":1,"featured_media":2540,"comment_status":"open","ping_status":"open","sticky":false,"template":"","format":"standard","meta":{"footnotes":""},"categories":[27],"tags":[],"class_list":["post-2539","post","type-post","status-publish","format-standard","has-post-thumbnail","hentry","category-saglik"],"_links":{"self":[{"href":"https:\/\/haberkaradenizim.com\/index.php\/wp-json\/wp\/v2\/posts\/2539","targetHints":{"allow":["GET"]}}],"collection":[{"href":"https:\/\/haberkaradenizim.com\/index.php\/wp-json\/wp\/v2\/posts"}],"about":[{"href":"https:\/\/haberkaradenizim.com\/index.php\/wp-json\/wp\/v2\/types\/post"}],"author":[{"embeddable":true,"href":"https:\/\/haberkaradenizim.com\/index.php\/wp-json\/wp\/v2\/users\/1"}],"replies":[{"embeddable":true,"href":"https:\/\/haberkaradenizim.com\/index.php\/wp-json\/wp\/v2\/comments?post=2539"}],"version-history":[{"count":0,"href":"https:\/\/haberkaradenizim.com\/index.php\/wp-json\/wp\/v2\/posts\/2539\/revisions"}],"wp:featuredmedia":[{"embeddable":true,"href":"https:\/\/haberkaradenizim.com\/index.php\/wp-json\/wp\/v2\/media\/2540"}],"wp:attachment":[{"href":"https:\/\/haberkaradenizim.com\/index.php\/wp-json\/wp\/v2\/media?parent=2539"}],"wp:term":[{"taxonomy":"category","embeddable":true,"href":"https:\/\/haberkaradenizim.com\/index.php\/wp-json\/wp\/v2\/categories?post=2539"},{"taxonomy":"post_tag","embeddable":true,"href":"https:\/\/haberkaradenizim.com\/index.php\/wp-json\/wp\/v2\/tags?post=2539"}],"curies":[{"name":"wp","href":"https:\/\/api.w.org\/{rel}","templated":true}]}}