{"id":2537,"date":"2023-11-30T18:35:27","date_gmt":"2023-11-30T15:35:27","guid":{"rendered":"https:\/\/haberkaradenizim.com\/index.php\/2023\/11\/30\/besiktas-baskan-adayi-serdal-adalidan-transfer-sozleri-devre-arasinda\/"},"modified":"2023-11-30T18:35:27","modified_gmt":"2023-11-30T15:35:27","slug":"besiktas-baskan-adayi-serdal-adalidan-transfer-sozleri-devre-arasinda","status":"publish","type":"post","link":"https:\/\/haberkaradenizim.com\/index.php\/2023\/11\/30\/besiktas-baskan-adayi-serdal-adalidan-transfer-sozleri-devre-arasinda\/","title":{"rendered":"Be\u015fikta\u015f ba\u015fkan aday\u0131 Serdal Adal\u0131\u2019dan transfer s\u00f6zleri: Devre aras\u0131nda&#8230;"},"content":{"rendered":"<p><<img decoding=\"async\" src=\"https:\/\/iaftm.tmgrup.com.tr\/56d0b5\/622\/349\/0\/40\/2048\/1188?u=https:\/\/iftm.tmgrup.com.tr\/2023\/11\/30\/besiktas-baskan-adayi-serdal-adalidan-transfer-sozleri-devre-arasinda-1701357486145.jpg\" \/><\/p>\n<div id=\"\">&#13;<br \/>\n&#13;<br \/>\n&#13;<\/p>\n<p><a href=\"https:\/\/www.fotomac.com.tr\/haberleri\/besiktas?id=28fd8829-36bc-4b06-8a71-33cb4902d706\" class=\"\">Be\u015fikta\u015f<\/a> ba\u015fkan adaylar\u0131ndan <a href=\"https:\/\/www.fotomac.com.tr\/haberleri\/serdal-adali?id=b0bb32fc-a75f-414e-8e7a-fb95600ea057\" class=\"\">Serdal Adal\u0131<\/a> \u00f6nemli a\u00e7\u0131klamalarda bulunuyor. Se\u00e7im yar\u0131\u015f\u0131yla ilgili son durum hakk\u0131nda konu\u015fan Adal\u0131, <a href=\"https:\/\/www.fotomac.com.tr\/haberleri\/a-spor?id=3cfd23bd-c3e7-4a83-875f-aacdf5eaf1be\" class=\"\">A Spor<\/a>&#8216;un sorular\u0131n\u0131 yan\u0131tlad\u0131.<\/p>\n<p>&#13;<br \/>\n&#13;<\/p>\n<p><strong>\u0130\u015eTE ADALI&#8217;NIN S\u00d6ZLER\u0130<\/strong><\/p>\n<p>&#13;<br \/>\n&#13;<\/p>\n<p>&#8220;Camiadan m\u00fcthi\u015f bir &#8216;aday ol&#8217; talebi geldi. Be\u015fikta\u015f&#8217;\u0131n durumuna bakt\u0131\u011f\u0131mda da \u015fu 11 senenin i\u00e7inde ne zaman k\u00f6t\u00fc bir d\u00f6nem ya\u015f\u0131yor olsak ben aday\u0131m. Son 25 g\u00fcn laflar\u0131 dola\u015f\u0131yorken de buna sadece g\u00fcl\u00fcyorum. Ben bu camian\u0131n her zaman i\u00e7inde oldum.&#8221;<\/p>\n<p>&#13;<br \/>\n&#13;<\/p>\n<p>&#8220;Ge\u00e7irdi\u011fimiz 3-4 sene zarf\u0131nda hem Ahmet Nur \u00c7ebi ile hem de Emre Kocada\u011f ile 8-10 defa ileti\u015fime ge\u00e7tik. Ele\u015ftirilerimi de s\u00f6yledim, \u00e7\u00f6z\u00fcmleri de s\u00f6yledim. Benim karakterimde \u00f6yle &#8216;ne olur ne olmaz tak\u0131m belki k\u00f6t\u00fc gider&#8217; diye 1 sene \u00f6nceden haz\u0131rl\u0131\u011fa ba\u015flamak yok. Gel dediler geldim. Kay\u0131ts\u0131z kalmam\u0131n imkan\u0131 yok.&#8221;<\/p>\n<p>&#13;<br \/>\n&#13;<\/p>\n<p>&#8220;85-86 milyon civar\u0131nda bir maliyetimiz var futbol tak\u0131m\u0131 k\u0131sm\u0131nda. Yabanc\u0131 kontenjan\u0131 da dolu. Bir \u015fekilde bu tak\u0131m\u0131n kalitesini art\u0131racak transferler yapmam\u0131z gerekiyor. 86 milyon euro&#8217;luk bu tak\u0131m bu sezonu tamamen ba\u015far\u0131s\u0131z ge\u00e7irirsen, gelecek sene i\u00e7in daha s\u0131k\u0131nt\u0131l\u0131 bir durum yarat\u0131r.&#8221;<\/p>\n<p>&#13;<br \/>\n&#13;<\/p>\n<p>&#8220;Sorunlar\u0131 biliyoruz, nas\u0131l giderece\u011fimizi de biliyoruz. \u00c7al\u0131\u015fmalar\u0131 \u00e7ok iyi yapt\u0131m. Ba\u015fkan adaylar\u0131n\u0131n a\u00e7\u0131klad\u0131\u011f\u0131 ve biten bir tane proje g\u00f6rmedim ben, stad\u0131n haricinde. Adayl\u0131\u011f\u0131m\u0131 a\u00e7\u0131klad\u0131\u011f\u0131m g\u00fcn de s\u00f6yledim, bizim \u00f6ncelikli projemiz tak\u0131m\u0131 tekrar \u015eampiyonlar Ligi&#8217;ne sokabilmek.&#8221;<\/p>\n<p>&#13;<br \/>\n&#13;<\/p>\n<p>&#8220;Torunumun Icardi sevinci yapmas\u0131 tabii ki \u00fczd\u00fc beni. Quaresma buradayken de ayn\u0131 \u015fey bizim i\u00e7in ge\u00e7erliydi. O zaman da rakiplerimiz \u00fcz\u00fcl\u00fcyordu. Allah da i\u015fimizi rast getirecek. \u015eu tak\u0131m\u0131 toparlamak i\u00e7in gereken transferler aras\u0131nda bir y\u0131ld\u0131z olursa &#8216;\u00e7ok pahal\u0131ym\u0131\u015f&#8217; demem. Gider al\u0131r gelirim.&#8221;<\/p>\n<p>&#13;<br \/>\n&#13;<\/p>\n<p>&#8220;\u00d6n\u00fcm\u00fczdeki sezon i\u00e7in kesinlikle &#8216;\u00c7ilek&#8217; transferimiz olacak. Bu devre aras\u0131nda da \u00e7\u0131karsa b\u00f6yle bir f\u0131rsat alaca\u011f\u0131z.&#8221;<\/p>\n<p>&#13;<br \/>\n&#13;<\/p>\n<p>&#8220;Querasma bizdeyken de bir\u00e7ok Fenerbah\u00e7eli ve Galatasarayl\u0131 arkada\u015f\u0131m &#8216;bize locadan yer ayarla, trib\u00fcnden yer ayarla&#8217; diyordu. Ayn\u0131 \u015fey o zamanda bizim i\u00e7in ge\u00e7erliydi. Hi\u00e7 kimse merak etmesin ilk \u00f6nce tak\u0131m\u0131 toparlamak i\u00e7in gereken transferleri yapaca\u011f\u0131z. Onlar\u0131n aras\u0131nda y\u0131ld\u0131z olursa &#8216;\u00e7ok pahal\u0131ym\u0131\u015f&#8217; demem devre aras\u0131nda onu al\u0131r gelirim.&#8221;<\/p>\n<p>&#13;<br \/>\n&#13;<\/p>\n<p>&#8220;R\u0131za \u00c7al\u0131mbay&#8217;\u0131n 3 b\u00f6lgeye talebi var. Bu senenin bu hale gelmesinin sebebi inan\u0131lmaz k\u00f6t\u00fc bir kadro m\u00fchendisli\u011fi yap\u0131lm\u0131\u015f. Hi\u00e7 mi akl\u0131n\u0131za gelmedi, 8 oyuncunun ayn\u0131 anda Afrika Kupas\u0131&#8217;na gitme ihtimali var. Hepsi giderse ne yapaca\u011f\u0131z, cevab\u0131 yok. Mehmet \u00d6zdilek hocam\u0131z bu konuda \u00e7al\u0131\u015f\u0131yor.&#8221;<\/p>\n<p>&#13;<br \/>\n&#13;<br \/>\n                            &#13;<br \/>\n&#13;\n                <\/p><\/div>\n","protected":false},"excerpt":{"rendered":"","protected":false},"author":1,"featured_media":2538,"comment_status":"open","ping_status":"open","sticky":false,"template":"","format":"standard","meta":{"footnotes":""},"categories":[29],"tags":[],"class_list":["post-2537","post","type-post","status-publish","format-standard","has-post-thumbnail","hentry","category-spor"],"_links":{"self":[{"href":"https:\/\/haberkaradenizim.com\/index.php\/wp-json\/wp\/v2\/posts\/2537","targetHints":{"allow":["GET"]}}],"collection":[{"href":"https:\/\/haberkaradenizim.com\/index.php\/wp-json\/wp\/v2\/posts"}],"about":[{"href":"https:\/\/haberkaradenizim.com\/index.php\/wp-json\/wp\/v2\/types\/post"}],"author":[{"embeddable":true,"href":"https:\/\/haberkaradenizim.com\/index.php\/wp-json\/wp\/v2\/users\/1"}],"replies":[{"embeddable":true,"href":"https:\/\/haberkaradenizim.com\/index.php\/wp-json\/wp\/v2\/comments?post=2537"}],"version-history":[{"count":0,"href":"https:\/\/haberkaradenizim.com\/index.php\/wp-json\/wp\/v2\/posts\/2537\/revisions"}],"wp:featuredmedia":[{"embeddable":true,"href":"https:\/\/haberkaradenizim.com\/index.php\/wp-json\/wp\/v2\/media\/2538"}],"wp:attachment":[{"href":"https:\/\/haberkaradenizim.com\/index.php\/wp-json\/wp\/v2\/media?parent=2537"}],"wp:term":[{"taxonomy":"category","embeddable":true,"href":"https:\/\/haberkaradenizim.com\/index.php\/wp-json\/wp\/v2\/categories?post=2537"},{"taxonomy":"post_tag","embeddable":true,"href":"https:\/\/haberkaradenizim.com\/index.php\/wp-json\/wp\/v2\/tags?post=2537"}],"curies":[{"name":"wp","href":"https:\/\/api.w.org\/{rel}","templated":true}]}}