{"id":2531,"date":"2023-11-29T15:42:00","date_gmt":"2023-11-29T12:42:00","guid":{"rendered":"https:\/\/haberkaradenizim.com\/index.php\/2023\/11\/29\/ali-yalcin-sakaryadan-baslayacakanadolu-ayaga-kalkacak\/"},"modified":"2023-11-29T15:42:00","modified_gmt":"2023-11-29T12:42:00","slug":"ali-yalcin-sakaryadan-baslayacakanadolu-ayaga-kalkacak","status":"publish","type":"post","link":"https:\/\/haberkaradenizim.com\/index.php\/2023\/11\/29\/ali-yalcin-sakaryadan-baslayacakanadolu-ayaga-kalkacak\/","title":{"rendered":"Ali Yal\u00e7\u0131n: Sakarya\u2019dan Ba\u015flayacak,Anadolu Aya\u011fa Kalkacak!"},"content":{"rendered":"<div data-text-id=\"30321\" property=\"articleBody\">\n<div class=\"post-flash\"><a href=\"https:\/\/www.saglikpersonelihaber.net\/haberleri\" class=\"internal_link\" target=\"_blank\" title=\"\" rel=\"noopener\"><br \/>\n        <!--\n\n<h3 class=\"post-flash__title\">G&ouml;zden ka&ccedil;&#305;rmay&#305;n<\/h3>\n\n--><br \/>\n                <a href=\"https:\/\/www.saglikpersonelihaber.net\/baskan-mahmut-faruk-dogan-universitelerdeki-saglik-calisanlarinin-magduriyetlerini-cozecegiz\" class=\"post-flash__content\" target=\"_self\" title=\"Ba\u015fkan Mahmut Faruk Do\u011fan: \u00dcniversitelerdeki Sa\u011fl\u0131k \u00c7al\u0131\u015fanlar\u0131n\u0131n Ma\u011fduriyetlerini \u00c7\u00f6zece\u011fiz!\" style=\"background-color: #A61C1E\" rel=\"noopener\"><br \/>\n            <img loading=\"lazy\" decoding=\"async\" src=\"https:\/\/saglikpersonelihabernet.teimg.com\/crop\/250x150\/saglikpersonelihaber-net\/uploads\/2023\/11\/baskan-faruk-dogan.jpg\" alt=\"Ba\u015fkan Mahmut Faruk Do\u011fan: \u00dcniversitelerdeki Sa\u011fl\u0131k \u00c7al\u0131\u015fanlar\u0131n\u0131n Ma\u011fduriyetlerini \u00c7\u00f6zece\u011fiz!\" width=\"231\" height=\"140\" class=\"content-paragraph-image\"\/><br \/>\n            <span class=\"post-flash__heading\"><br \/>\n                <span class=\"post-flash__h4\">Ba\u015fkan Mahmut Faruk Do\u011fan: \u00dcniversitelerdeki Sa\u011fl\u0131k \u00c7al\u0131\u015fanlar\u0131n\u0131n Ma\u011fduriyetlerini \u00c7\u00f6zece\u011fiz!<\/span><br \/>\n            <\/span><br \/>\n        <\/a>\n            <\/div>\n<p>&#8220;Sakarya\u2019dan ba\u015flayacak, Anadolu Aya\u011fa Kalkacak! Birle\u015ftik, S\u00f6zle\u015ftik, Y\u00fcr\u00fcyoruz! 1 Aral\u0131k\/Cuma g\u00fcn\u00fc ger\u00e7ekle\u015ftirece\u011fimiz &#8216;Filistin&#8217;e \u00d6zg\u00fcrl\u00fck Y\u00fcr\u00fcy\u00fc\u015f\u00fc&#8217; i\u00e7in Sakarya\u2019daki sivil toplum kurulu\u015fu liderleriyle bir araya geldik. Aya\u011fa Kalk Sakarya! Filistin\u2019e \u00f6zg\u00fcrl\u00fck i\u00e7in y\u00fcr\u00fcyoruz. 1 Aral\u0131k\/Cuma 16:00 Millet Bah\u00e7esi \u00c7ark Caddesi.&#8221;<\/p>\n<p>Memur-Sen ve E\u011fitim-Bir-Sen Genel Ba\u015fkan\u0131, Filistin&#8217;e destek amac\u0131yla d\u00fczenlenen y\u00fcr\u00fcy\u00fc\u015f\u00fcn start\u0131n\u0131 Sakarya&#8217;dan vereceklerini vurgulayarak, Anadolu&#8217;nun bir\u00e7ok yerinden kat\u0131l\u0131m \u00e7a\u011fr\u0131s\u0131nda bulundu. A\u00e7\u0131klamas\u0131nda, birlik ve beraberlik mesajlar\u0131na vurgu yapan Yal\u00e7\u0131n, Filistin&#8217;e destek amac\u0131yla bir araya gelinen bulu\u015fman\u0131n 1 Aral\u0131k Cuma g\u00fcn\u00fc Millet Bah\u00e7esi \u00c7ark Caddesi&#8217;nde ger\u00e7ekle\u015fece\u011fini belirtti.<\/p>\n<\/p><\/div>\n","protected":false},"excerpt":{"rendered":"<p>Ba\u015fkan Mahmut Faruk Do\u011fan: \u00dcniversitelerdeki Sa\u011fl\u0131k \u00c7al\u0131\u015fanlar\u0131n\u0131n Ma\u011fduriyetlerini \u00c7\u00f6zece\u011fiz! &#8220;Sakarya\u2019dan ba\u015flayacak, Anadolu Aya\u011fa Kalkacak! Birle\u015ftik,<\/p>\n","protected":false},"author":1,"featured_media":2532,"comment_status":"open","ping_status":"open","sticky":false,"template":"","format":"standard","meta":{"footnotes":""},"categories":[27],"tags":[],"class_list":["post-2531","post","type-post","status-publish","format-standard","has-post-thumbnail","hentry","category-saglik"],"_links":{"self":[{"href":"https:\/\/haberkaradenizim.com\/index.php\/wp-json\/wp\/v2\/posts\/2531","targetHints":{"allow":["GET"]}}],"collection":[{"href":"https:\/\/haberkaradenizim.com\/index.php\/wp-json\/wp\/v2\/posts"}],"about":[{"href":"https:\/\/haberkaradenizim.com\/index.php\/wp-json\/wp\/v2\/types\/post"}],"author":[{"embeddable":true,"href":"https:\/\/haberkaradenizim.com\/index.php\/wp-json\/wp\/v2\/users\/1"}],"replies":[{"embeddable":true,"href":"https:\/\/haberkaradenizim.com\/index.php\/wp-json\/wp\/v2\/comments?post=2531"}],"version-history":[{"count":0,"href":"https:\/\/haberkaradenizim.com\/index.php\/wp-json\/wp\/v2\/posts\/2531\/revisions"}],"wp:featuredmedia":[{"embeddable":true,"href":"https:\/\/haberkaradenizim.com\/index.php\/wp-json\/wp\/v2\/media\/2532"}],"wp:attachment":[{"href":"https:\/\/haberkaradenizim.com\/index.php\/wp-json\/wp\/v2\/media?parent=2531"}],"wp:term":[{"taxonomy":"category","embeddable":true,"href":"https:\/\/haberkaradenizim.com\/index.php\/wp-json\/wp\/v2\/categories?post=2531"},{"taxonomy":"post_tag","embeddable":true,"href":"https:\/\/haberkaradenizim.com\/index.php\/wp-json\/wp\/v2\/tags?post=2531"}],"curies":[{"name":"wp","href":"https:\/\/api.w.org\/{rel}","templated":true}]}}