{"id":2529,"date":"2023-11-29T18:05:03","date_gmt":"2023-11-29T15:05:03","guid":{"rendered":"https:\/\/haberkaradenizim.com\/index.php\/2023\/11\/29\/trendyol-1-ligde-14-haftanin-maclarini-yonetecek-hakemler-belli-oldu\/"},"modified":"2023-11-29T18:05:03","modified_gmt":"2023-11-29T15:05:03","slug":"trendyol-1-ligde-14-haftanin-maclarini-yonetecek-hakemler-belli-oldu","status":"publish","type":"post","link":"https:\/\/haberkaradenizim.com\/index.php\/2023\/11\/29\/trendyol-1-ligde-14-haftanin-maclarini-yonetecek-hakemler-belli-oldu\/","title":{"rendered":"Trendyol 1. Lig\u2019de 14. haftan\u0131n ma\u00e7lar\u0131n\u0131 y\u00f6netecek hakemler belli oldu"},"content":{"rendered":"<p><<img decoding=\"async\" src=\"https:\/\/iaftm.tmgrup.com.tr\/d54f00\/622\/349\/51\/0\/611\/314?u=https:\/\/iftm.tmgrup.com.tr\/2023\/11\/29\/trendyol-1-ligde-14-haftanin-maclarini-yonetecek-hakemler-belli-oldu-1701267147258.jpg\" \/><\/p>\n<div id=\"\">&#13;<br \/>\n&#13;<br \/>\n&#13;<\/p>\n<p><a href=\"https:\/\/www.fotomac.com.tr\/haberleri\/trendyol-1?id=0b666ba9-f2c9-44a2-861f-b8c07656da1d\" class=\"\">Trendyol 1<\/a>. Lig&#8217;de 14. hafta ma\u00e7lar\u0131n\u0131 y\u00f6netecek hakemler a\u00e7\u0131kland\u0131.<\/p>\n<p>&#13;<br \/>\n&#13;<\/p>\n<p>T\u00fcrkiye Futbol Federasyonu Merkez Hakem Kurulundan yap\u0131lan a\u00e7\u0131klamaya g\u00f6re, ligde haftan\u0131n ma\u00e7lar\u0131n\u0131 y\u00f6netecek hakemler \u015funlar:<\/p>\n<p>&#13;<br \/>\n&#13;<\/p>\n<p><strong>1 ARALIK CUMA:<\/strong><\/p>\n<p>&#13;<br \/>\n&#13;<\/p>\n<p>20.00 <a href=\"https:\/\/www.fotomac.com.tr\/haberleri\/adanaspor?id=81b8c5f1-9148-4234-96ff-5abdaf356245\" class=\"\">Adanaspor<\/a>-Ahlatc\u0131 \u00c7orum FK: <a href=\"https:\/\/www.fotomac.com.tr\/haberleri\/alper-akarsu?id=66072937-5a7f-4d09-8310-857329f8437b\" class=\"\">Alper Akarsu<\/a><\/p>\n<p>&#13;<br \/>\n&#13;<\/p>\n<p>20.00 <a href=\"https:\/\/www.fotomac.com.tr\/haberleri\/kocaelispor?id=8ebe5d84-50a9-4f28-ac04-232f706fd369\" class=\"\">Kocaelispor<\/a>&#8211;<a href=\"https:\/\/www.fotomac.com.tr\/haberleri\/umraniyespor?id=588171c2-1247-4f03-8821-00f198965017\" class=\"\">\u00dcmraniyespor<\/a>: <a href=\"https:\/\/www.fotomac.com.tr\/haberleri\/kutluhan-bilgic?id=30171833-e92e-4e51-b32f-72ee924768bb\" class=\"\">Kutluhan Bilgi\u00e7<\/a><\/p>\n<p>&#13;<br \/>\n&#13;<\/p>\n<p><strong>2 ARALIK CUMARTES\u0130:<\/strong><\/p>\n<p>&#13;<br \/>\n&#13;<\/p>\n<p>13.30 <a href=\"https:\/\/www.fotomac.com.tr\/haberleri\/ankara-keciorengucu?id=2f77a825-4c85-4c67-a783-bdca59ffa23f\" class=\"\">Ankara Ke\u00e7i\u00f6reng\u00fcc\u00fc<\/a>&#8211;<a href=\"https:\/\/www.fotomac.com.tr\/haberleri\/sakaryaspor?id=f97cc8d3-5de9-4e9d-8405-eb9dcdce55eb\" class=\"\">Sakaryaspor<\/a>: <a href=\"https:\/\/www.fotomac.com.tr\/haberleri\/fatih-tokail?id=c2f9b9c1-72cc-44ca-bb7d-d22bd8e2fa1c\" class=\"\">Fatih Tokail<\/a><\/p>\n<p>&#13;<br \/>\n&#13;<\/p>\n<p>13.30 <a href=\"https:\/\/www.fotomac.com.tr\/haberleri\/tuzlaspor?id=6987100d-1a39-401d-963f-96c9bf2b9a03\" class=\"\">Tuzlaspor<\/a>-Teks\u00fct Band\u0131rmaspor: <a href=\"https:\/\/www.fotomac.com.tr\/haberleri\/burak-olcar?id=f2ba00c0-311a-4e42-b470-e19a2c574eba\" class=\"\">Burak Olcar<\/a><\/p>\n<p>&#13;<br \/>\n&#13;<\/p>\n<p>16.00 <a href=\"https:\/\/www.fotomac.com.tr\/haberleri\/boluspor?id=48bfa66a-6cb8-495e-a4cd-c2ca5ad74201\" class=\"\">Boluspor<\/a>&#8211;<a href=\"https:\/\/www.fotomac.com.tr\/haberleri\/eyupspor?id=ac3505ae-f850-4203-8fa1-cc1a821ab760\" class=\"\">Ey\u00fcpspor<\/a>: <a href=\"https:\/\/www.fotomac.com.tr\/haberleri\/emre-kargin?id=37de471f-bf36-4854-bd24-5b77d87b473d\" class=\"\">Emre Karg\u0131n<\/a><\/p>\n<p>&#13;<br \/>\n&#13;<\/p>\n<p>19.00 ASTOR Enerji \u015eanl\u0131urfaspor-Bodrum FK: O\u011fuzhan Aksu<\/p>\n<p>&#13;<br \/>\n&#13;<\/p>\n<p><strong>3 ARALIK PAZAR:<\/strong><\/p>\n<p>&#13;<br \/>\n&#13;<\/p>\n<p>13.30 Manisa FK-Altay: G\u00fcrcan Hasova<\/p>\n<p>&#13;<br \/>\n&#13;<\/p>\n<p>16.00 Erzurumspor FK-Gen\u00e7lerbirli\u011fi: \u0130lker Yasin Avc\u0131<\/p>\n<p>&#13;<br \/>\n&#13;<\/p>\n<p>19.00 G\u00f6ztepe-Bitexen Giresunspor: Abdullah Bu\u011fra Ta\u015fk\u0131nsoy<\/p>\n<div class=\"membrana-content\"\/>&#13;<br \/>\n&#13;<br \/>\n&#13;\n                <\/div>\n","protected":false},"excerpt":{"rendered":"","protected":false},"author":1,"featured_media":2530,"comment_status":"open","ping_status":"open","sticky":false,"template":"","format":"standard","meta":{"footnotes":""},"categories":[29],"tags":[],"class_list":["post-2529","post","type-post","status-publish","format-standard","has-post-thumbnail","hentry","category-spor"],"_links":{"self":[{"href":"https:\/\/haberkaradenizim.com\/index.php\/wp-json\/wp\/v2\/posts\/2529","targetHints":{"allow":["GET"]}}],"collection":[{"href":"https:\/\/haberkaradenizim.com\/index.php\/wp-json\/wp\/v2\/posts"}],"about":[{"href":"https:\/\/haberkaradenizim.com\/index.php\/wp-json\/wp\/v2\/types\/post"}],"author":[{"embeddable":true,"href":"https:\/\/haberkaradenizim.com\/index.php\/wp-json\/wp\/v2\/users\/1"}],"replies":[{"embeddable":true,"href":"https:\/\/haberkaradenizim.com\/index.php\/wp-json\/wp\/v2\/comments?post=2529"}],"version-history":[{"count":0,"href":"https:\/\/haberkaradenizim.com\/index.php\/wp-json\/wp\/v2\/posts\/2529\/revisions"}],"wp:featuredmedia":[{"embeddable":true,"href":"https:\/\/haberkaradenizim.com\/index.php\/wp-json\/wp\/v2\/media\/2530"}],"wp:attachment":[{"href":"https:\/\/haberkaradenizim.com\/index.php\/wp-json\/wp\/v2\/media?parent=2529"}],"wp:term":[{"taxonomy":"category","embeddable":true,"href":"https:\/\/haberkaradenizim.com\/index.php\/wp-json\/wp\/v2\/categories?post=2529"},{"taxonomy":"post_tag","embeddable":true,"href":"https:\/\/haberkaradenizim.com\/index.php\/wp-json\/wp\/v2\/tags?post=2529"}],"curies":[{"name":"wp","href":"https:\/\/api.w.org\/{rel}","templated":true}]}}