{"id":2503,"date":"2023-11-24T14:58:00","date_gmt":"2023-11-24T11:58:00","guid":{"rendered":"https:\/\/haberkaradenizim.com\/index.php\/2023\/11\/24\/saglik-bakanligi-gorevde-yukselme-sonuclarini-duyurdu\/"},"modified":"2023-11-24T14:58:00","modified_gmt":"2023-11-24T11:58:00","slug":"saglik-bakanligi-gorevde-yukselme-sonuclarini-duyurdu","status":"publish","type":"post","link":"https:\/\/haberkaradenizim.com\/index.php\/2023\/11\/24\/saglik-bakanligi-gorevde-yukselme-sonuclarini-duyurdu\/","title":{"rendered":"Sa\u011fl\u0131k Bakanl\u0131\u011f\u0131 G\u00f6revde Y\u00fckselme Sonu\u00e7lar\u0131n\u0131 Duyurdu!"},"content":{"rendered":"<div data-text-id=\"30215\" property=\"articleBody\">\n<p><a href=\"https:\/\/www.saglikpersonelihaber.net\/haberleri\" class=\"internal_link\" target=\"_blank\" title=\"\" rel=\"noopener\">Adaylar, s\u00f6zl\u00fc s\u0131nav sonu\u00e7lar\u0131na itiraz etmek istiyorlarsa, gerek\u00e7elerini belirterek yaz\u0131l\u0131 olarak ba\u015fvuruda bulunabilirler. \u0130tiraz dilek\u00e7eleri i\u00e7in son tarih 30 Kas\u0131m 2023 Cuma g\u00fcn\u00fc mesai bitimidir. Belirtilen tarihe kadar ula\u015fmayan itiraz dilek\u00e7eleri dikkate al\u0131nmayacak ve de\u011ferlendirmeye al\u0131nmayacakt\u0131r.<\/p>\n<p>\u0130tiraz dilek\u00e7eleri, T.C. Sa\u011fl\u0131k Bakanl\u0131\u011f\u0131, Y\u00f6netim Hizmetleri Genel M\u00fcd\u00fcrl\u00fc\u011f\u00fc E\u011fitim Hizmetleri Dairesi Ba\u015fkanl\u0131\u011f\u0131, S\u0131nav Hizmetleri Birimi adresine g\u00f6nderilmelidir. Sa\u011fl\u0131k Bakanl\u0131\u011f\u0131, s\u00fcrecin \u015feffafl\u0131\u011f\u0131na vurgu yaparak adaylara a\u00e7\u0131k ve adil bir de\u011ferlendirme s\u00fcreci sa\u011flama taahh\u00fcd\u00fcnde bulunuyor.<\/p>\n<div class=\"post-flash\">\n        <!--\n\n<h3 class=\"post-flash__title\">G&ouml;zden ka&ccedil;&#305;rmay&#305;n<\/h3>\n\n--><br \/>\n                <a href=\"https:\/\/www.saglikpersonelihaber.net\/bakan-koca-2023-tus-2-doneminde-yuzde-85-yerlesme-oldu\" class=\"post-flash__content\" target=\"_self\" title=\"Bakan Koca: 2023-TUS 2. D\u00f6neminde Y\u00fczde 85 Yerle\u015fme Oldu!\" style=\"background-color: #A61C1E\" rel=\"noopener\"><br \/>\n            <img loading=\"lazy\" decoding=\"async\" src=\"https:\/\/saglikpersonelihabernet.teimg.com\/crop\/250x150\/saglikpersonelihaber-net\/uploads\/2023\/11\/tus-yerlesme.jpg\" alt=\"Bakan Koca: 2023-TUS 2. D\u00f6neminde Y\u00fczde 85 Yerle\u015fme Oldu!\" width=\"231\" height=\"140\" class=\"content-paragraph-image\"\/><br \/>\n            <span class=\"post-flash__heading\"><br \/>\n                <span class=\"post-flash__h4\">Bakan Koca: 2023-TUS 2. D\u00f6neminde Y\u00fczde 85 Yerle\u015fme Oldu!<\/span><br \/>\n            <\/span><br \/>\n        <\/a>\n            <\/div>\n<p>S\u00f6zl\u00fc s\u0131nav sonucunu \u00f6\u011frenmek i\u00e7in\u00a0<a href=\"https:\/\/pbs.saglik.gov.tr\/\" target=\"_blank\" rel=\"noopener\">t\u0131klay\u0131n\u0131z.<\/a><\/p>\n<\/p><\/div>\n","protected":false},"excerpt":{"rendered":"<p>Adaylar, s\u00f6zl\u00fc s\u0131nav sonu\u00e7lar\u0131na itiraz etmek istiyorlarsa, gerek\u00e7elerini belirterek yaz\u0131l\u0131 olarak ba\u015fvuruda bulunabilirler. \u0130tiraz dilek\u00e7eleri<\/p>\n","protected":false},"author":1,"featured_media":2504,"comment_status":"open","ping_status":"open","sticky":false,"template":"","format":"standard","meta":{"footnotes":""},"categories":[27],"tags":[],"class_list":["post-2503","post","type-post","status-publish","format-standard","has-post-thumbnail","hentry","category-saglik"],"_links":{"self":[{"href":"https:\/\/haberkaradenizim.com\/index.php\/wp-json\/wp\/v2\/posts\/2503","targetHints":{"allow":["GET"]}}],"collection":[{"href":"https:\/\/haberkaradenizim.com\/index.php\/wp-json\/wp\/v2\/posts"}],"about":[{"href":"https:\/\/haberkaradenizim.com\/index.php\/wp-json\/wp\/v2\/types\/post"}],"author":[{"embeddable":true,"href":"https:\/\/haberkaradenizim.com\/index.php\/wp-json\/wp\/v2\/users\/1"}],"replies":[{"embeddable":true,"href":"https:\/\/haberkaradenizim.com\/index.php\/wp-json\/wp\/v2\/comments?post=2503"}],"version-history":[{"count":0,"href":"https:\/\/haberkaradenizim.com\/index.php\/wp-json\/wp\/v2\/posts\/2503\/revisions"}],"wp:featuredmedia":[{"embeddable":true,"href":"https:\/\/haberkaradenizim.com\/index.php\/wp-json\/wp\/v2\/media\/2504"}],"wp:attachment":[{"href":"https:\/\/haberkaradenizim.com\/index.php\/wp-json\/wp\/v2\/media?parent=2503"}],"wp:term":[{"taxonomy":"category","embeddable":true,"href":"https:\/\/haberkaradenizim.com\/index.php\/wp-json\/wp\/v2\/categories?post=2503"},{"taxonomy":"post_tag","embeddable":true,"href":"https:\/\/haberkaradenizim.com\/index.php\/wp-json\/wp\/v2\/tags?post=2503"}],"curies":[{"name":"wp","href":"https:\/\/api.w.org\/{rel}","templated":true}]}}