{"id":2499,"date":"2023-11-24T20:23:00","date_gmt":"2023-11-24T17:23:00","guid":{"rendered":"https:\/\/haberkaradenizim.com\/index.php\/2023\/11\/24\/artik-sorumlu-hemsire-atamasinda-oncelik-uzman-hemsirelere-verilecek\/"},"modified":"2023-11-24T20:23:00","modified_gmt":"2023-11-24T17:23:00","slug":"artik-sorumlu-hemsire-atamasinda-oncelik-uzman-hemsirelere-verilecek","status":"publish","type":"post","link":"https:\/\/haberkaradenizim.com\/index.php\/2023\/11\/24\/artik-sorumlu-hemsire-atamasinda-oncelik-uzman-hemsirelere-verilecek\/","title":{"rendered":"Art\u0131k Sorumlu Hem\u015fire Atamas\u0131nda \u00d6ncelik Uzman Hem\u015firelere Verilecek!"},"content":{"rendered":"<div data-text-id=\"30218\" property=\"articleBody\">\n<p><a href=\"https:\/\/www.saglikpersonelihaber.net\/haberleri\" class=\"internal_link\" target=\"_blank\" title=\"\" rel=\"noopener\">Uzman hem\u015firelerin bulunmad\u0131\u011f\u0131 durumlarda ise \u00fc\u00e7 y\u0131l deneyimli ve hem\u015firelik lisans mezunu olan hem\u015fireler sorumlu hem\u015fire olarak g\u00f6revlendirilecek.<\/p>\n<p>Yap\u0131lan d\u00fczenleme ile ilgili a\u00e7\u0131klamada, uzman hem\u015firelerin sahip oldu\u011fu \u00f6zel bilgi ve becerilerin, sa\u011fl\u0131k hizmetlerinin kalitesini art\u0131rmada \u00f6nemli bir rol oynayaca\u011f\u0131 vurgulanarak, bu ad\u0131m\u0131n sekt\u00f6rdeki uzmanla\u015fm\u0131\u015f kadrolar\u0131n g\u00fc\u00e7lendirilmesine y\u00f6nelik stratejik bir hamle oldu\u011fu belirtildi.<\/p>\n<div class=\"post-flash\">\n        <!--\n\n<h3 class=\"post-flash__title\">G&ouml;zden ka&ccedil;&#305;rmay&#305;n<\/h3>\n\n--><br \/>\n                <a href=\"https:\/\/www.saglikpersonelihaber.net\/bashekimden-aday-adayligi-basvurusu\" class=\"post-flash__content\" target=\"_self\" title=\"Ba\u015fhekimden Aday Adayl\u0131\u011f\u0131 Ba\u015fvurusu!\" style=\"background-color: #A61C1E\" rel=\"noopener\"><br \/>\n            <img loading=\"lazy\" decoding=\"async\" src=\"https:\/\/saglikpersonelihabernet.teimg.com\/crop\/250x150\/saglikpersonelihaber-net\/uploads\/2023\/11\/bashekimden-aday-adayligi-basvurusu.jpg\" alt=\"Ba\u015fhekimden Aday Adayl\u0131\u011f\u0131 Ba\u015fvurusu!\" width=\"231\" height=\"140\" class=\"content-paragraph-image\"\/><br \/>\n            <span class=\"post-flash__heading\"><br \/>\n                <span class=\"post-flash__h4\">Ba\u015fhekimden Aday Adayl\u0131\u011f\u0131 Ba\u015fvurusu!<\/span><br \/>\n            <\/span><br \/>\n        <\/a>\n            <\/div>\n<p>Y\u00d6K yetkilileri, bu de\u011fi\u015fikli\u011fin sa\u011fl\u0131k hizmetlerindeki etkinli\u011fi art\u0131rarak, hem\u015fireler aras\u0131nda uzmanla\u015fmay\u0131 te\u015fvik edece\u011fini ve bu sayede hastalar\u0131n daha kaliteli bir sa\u011fl\u0131k hizmetine eri\u015fim sa\u011flayacaklar\u0131n\u0131 ifade etti.<\/p>\n<p><img decoding=\"async\" alt=\"10-1\" class=\"img-fluid detail-photo\" src=\"https:\/\/saglikpersonelihabernet.teimg.com\/saglikpersonelihaber-net\/uploads\/2023\/11\/10-1.webp\" style=\"width: 100%\"\/><\/p>\n<\/p><\/div>\n","protected":false},"excerpt":{"rendered":"<p>Uzman hem\u015firelerin bulunmad\u0131\u011f\u0131 durumlarda ise \u00fc\u00e7 y\u0131l deneyimli ve hem\u015firelik lisans mezunu olan hem\u015fireler sorumlu<\/p>\n","protected":false},"author":1,"featured_media":2500,"comment_status":"open","ping_status":"open","sticky":false,"template":"","format":"standard","meta":{"footnotes":""},"categories":[27],"tags":[],"class_list":["post-2499","post","type-post","status-publish","format-standard","has-post-thumbnail","hentry","category-saglik"],"_links":{"self":[{"href":"https:\/\/haberkaradenizim.com\/index.php\/wp-json\/wp\/v2\/posts\/2499","targetHints":{"allow":["GET"]}}],"collection":[{"href":"https:\/\/haberkaradenizim.com\/index.php\/wp-json\/wp\/v2\/posts"}],"about":[{"href":"https:\/\/haberkaradenizim.com\/index.php\/wp-json\/wp\/v2\/types\/post"}],"author":[{"embeddable":true,"href":"https:\/\/haberkaradenizim.com\/index.php\/wp-json\/wp\/v2\/users\/1"}],"replies":[{"embeddable":true,"href":"https:\/\/haberkaradenizim.com\/index.php\/wp-json\/wp\/v2\/comments?post=2499"}],"version-history":[{"count":0,"href":"https:\/\/haberkaradenizim.com\/index.php\/wp-json\/wp\/v2\/posts\/2499\/revisions"}],"wp:featuredmedia":[{"embeddable":true,"href":"https:\/\/haberkaradenizim.com\/index.php\/wp-json\/wp\/v2\/media\/2500"}],"wp:attachment":[{"href":"https:\/\/haberkaradenizim.com\/index.php\/wp-json\/wp\/v2\/media?parent=2499"}],"wp:term":[{"taxonomy":"category","embeddable":true,"href":"https:\/\/haberkaradenizim.com\/index.php\/wp-json\/wp\/v2\/categories?post=2499"},{"taxonomy":"post_tag","embeddable":true,"href":"https:\/\/haberkaradenizim.com\/index.php\/wp-json\/wp\/v2\/tags?post=2499"}],"curies":[{"name":"wp","href":"https:\/\/api.w.org\/{rel}","templated":true}]}}