{"id":2485,"date":"2023-11-24T03:11:55","date_gmt":"2023-11-24T00:11:55","guid":{"rendered":"https:\/\/haberkaradenizim.com\/index.php\/2023\/11\/24\/avrupa-kisa-kulvar-master-yuzme-sampiyonasinda-milli-sporcular-6-madalya-kazandi\/"},"modified":"2023-11-24T03:11:55","modified_gmt":"2023-11-24T00:11:55","slug":"avrupa-kisa-kulvar-master-yuzme-sampiyonasinda-milli-sporcular-6-madalya-kazandi","status":"publish","type":"post","link":"https:\/\/haberkaradenizim.com\/index.php\/2023\/11\/24\/avrupa-kisa-kulvar-master-yuzme-sampiyonasinda-milli-sporcular-6-madalya-kazandi\/","title":{"rendered":"Avrupa K\u0131sa Kulvar Master Y\u00fczme \u015eampiyonas\u0131\u2019nda milli sporcular 6 madalya kazand\u0131"},"content":{"rendered":"<p><<img decoding=\"async\" src=\"https:\/\/iaftm.tmgrup.com.tr\/a5cf37\/622\/349\/0\/0\/864\/484?u=https:\/\/iftm.tmgrup.com.tr\/2023\/11\/24\/avrupa-kisa-kulvar-master-yuzme-sampiyonasinda-milli-sporcular-6-madalya-kazandi-1700777598726.jpeg\" \/><\/p>\n<div id=\"\">&#13;<br \/>\n&#13;<br \/>\n&#13;<\/p>\n<p><a href=\"https:\/\/www.fotomac.com.tr\/haberleri\/portekiz?id=9fe8bada-3ef8-41dc-a87c-5cb13171a4ab\" class=\"\">Portekiz<\/a>&#8216;de d\u00fczenlenen <a href=\"https:\/\/www.fotomac.com.tr\/haberleri\/avrupa?id=d34d906b-ef3c-4435-abb8-bf3ee125cab7\" class=\"\">Avrupa<\/a> K\u0131sa Kulvar Master Y\u00fczme \u015eampiyonas\u0131&#8217;nda milli sporcular 6 madalya elde etti.<\/p>\n<p>&#13;<br \/>\n&#13;<\/p>\n<p><a href=\"https:\/\/www.fotomac.com.tr\/haberleri\/turkiye?id=14b41a69-5b12-49c6-b6c5-32870ff30d0f\" class=\"\">T\u00fcrkiye<\/a> Y\u00fczme Federasyonundan yap\u0131lan a\u00e7\u0131klamaya g\u00f6re, <a href=\"https:\/\/www.fotomac.com.tr\/haberleri\/madeira?id=f22aadae-be75-490a-a707-95c2d1e54307\" class=\"\">Madeira<\/a> kentinde d\u00fczenlenen organizasyonda <a href=\"https:\/\/www.fotomac.com.tr\/haberleri\/ahmet-nakkas?id=ca823817-b163-46b9-a21c-77d57d8975c6\" class=\"\">Ahmet Nakka\u015f<\/a>, <a href=\"https:\/\/www.fotomac.com.tr\/haberleri\/eileen-keribar-isvan?id=ed47f67d-c34e-4561-83ab-c1897fb13d54\" class=\"\">Eileen Keribar Isvan<\/a> ve <a href=\"https:\/\/www.fotomac.com.tr\/haberleri\/tolga-ocal?id=8c55e1fa-6ddd-42d9-b30a-16063491812e\" class=\"\">Tolga \u00d6cal<\/a> m\u00fccadele etti.<\/p>\n<p>&#13;<br \/>\n&#13;<\/p>\n<p>Ahmet Nakka\u015f, erkekler 60-64 ya\u015f kategorisinde; 50 metre serbestte 25.37&#8217;lik derecesiyle Avrupa rekoru k\u0131rarak alt\u0131n, 100 metre serbestte 55.73&#8217;le <a href=\"https:\/\/www.fotomac.com.tr\/haberleri\/dunya?id=c25aee28-be6a-49b3-9290-733373c630df\" class=\"\">d\u00fcnya<\/a> rekoruyla alt\u0131n ve 100 metre kar\u0131\u015f\u0131kta 1.05.26&#8217;l\u0131k derecesiyle T\u00fcrkiye rekorunun sahibi olarak g\u00fcm\u00fc\u015f madalya kazand\u0131.<\/p>\n<p>&#13;<br \/>\n&#13;<\/p>\n<p>Eileen Keribar Isvan ise kad\u0131nlar 45-49 ya\u015f kategorisinde 50 metre kurba\u011falamada 37.55&#8217;le T\u00fcrkiye rekorunu k\u0131rarak alt\u0131n, 50 metre serbestte 29.37&#8217;lik derecesiyle T\u00fcrkiye rekoruyla bronz madalya elde etti.<\/p>\n<p>&#13;<br \/>\n&#13;<\/p>\n<p>Tolga \u00d6cal da erkekler 40-44 ya\u015f kategorisinde 200 metre kar\u0131\u015f\u0131kta 2.22.37&#8217;lik derecesiyle bronz madalyan\u0131n sahibi oldu.<\/p>\n<p>&#13;<br \/>\n&#13;<br \/>\n&#13;\n                <\/p><\/div>\n","protected":false},"excerpt":{"rendered":"","protected":false},"author":1,"featured_media":2486,"comment_status":"open","ping_status":"open","sticky":false,"template":"","format":"standard","meta":{"footnotes":""},"categories":[29],"tags":[],"class_list":["post-2485","post","type-post","status-publish","format-standard","has-post-thumbnail","hentry","category-spor"],"_links":{"self":[{"href":"https:\/\/haberkaradenizim.com\/index.php\/wp-json\/wp\/v2\/posts\/2485","targetHints":{"allow":["GET"]}}],"collection":[{"href":"https:\/\/haberkaradenizim.com\/index.php\/wp-json\/wp\/v2\/posts"}],"about":[{"href":"https:\/\/haberkaradenizim.com\/index.php\/wp-json\/wp\/v2\/types\/post"}],"author":[{"embeddable":true,"href":"https:\/\/haberkaradenizim.com\/index.php\/wp-json\/wp\/v2\/users\/1"}],"replies":[{"embeddable":true,"href":"https:\/\/haberkaradenizim.com\/index.php\/wp-json\/wp\/v2\/comments?post=2485"}],"version-history":[{"count":0,"href":"https:\/\/haberkaradenizim.com\/index.php\/wp-json\/wp\/v2\/posts\/2485\/revisions"}],"wp:featuredmedia":[{"embeddable":true,"href":"https:\/\/haberkaradenizim.com\/index.php\/wp-json\/wp\/v2\/media\/2486"}],"wp:attachment":[{"href":"https:\/\/haberkaradenizim.com\/index.php\/wp-json\/wp\/v2\/media?parent=2485"}],"wp:term":[{"taxonomy":"category","embeddable":true,"href":"https:\/\/haberkaradenizim.com\/index.php\/wp-json\/wp\/v2\/categories?post=2485"},{"taxonomy":"post_tag","embeddable":true,"href":"https:\/\/haberkaradenizim.com\/index.php\/wp-json\/wp\/v2\/tags?post=2485"}],"curies":[{"name":"wp","href":"https:\/\/api.w.org\/{rel}","templated":true}]}}