{"id":2483,"date":"2023-11-23T14:07:00","date_gmt":"2023-11-23T11:07:00","guid":{"rendered":"https:\/\/haberkaradenizim.com\/index.php\/2023\/11\/23\/merkez-bankasinin-faiz-karari-belli-oldu\/"},"modified":"2023-11-23T14:07:00","modified_gmt":"2023-11-23T11:07:00","slug":"merkez-bankasinin-faiz-karari-belli-oldu","status":"publish","type":"post","link":"https:\/\/haberkaradenizim.com\/index.php\/2023\/11\/23\/merkez-bankasinin-faiz-karari-belli-oldu\/","title":{"rendered":"Merkez Bankas\u0131\u2019n\u0131n Faiz Karar\u0131 Belli Oldu!"},"content":{"rendered":"<div data-text-id=\"30193\" property=\"articleBody\">\n<p><a href=\"https:\/\/www.saglikpersonelihaber.net\/haberleri\" class=\"internal_link\" target=\"_blank\" title=\"\" rel=\"noopener\">Cumhurba\u015fkanl\u0131\u011f\u0131 se\u00e7iminin ard\u0131ndan faiz art\u0131\u015f\u0131 politikas\u0131n\u0131n izlendi\u011fi bu d\u00f6nemde, TCMB&#8217;nin faiz art\u0131\u015flar\u0131na devam etti\u011fi g\u00f6r\u00fcld\u00fc. Kas\u0131m ay\u0131nda yap\u0131lan toplant\u0131da politika faizi y\u00fczde 40&#8217;a \u00e7\u0131kar\u0131larak, son 6 ayda toplamda 3 bin 150 baz puanl\u0131k bir art\u0131\u015f ger\u00e7ekle\u015fti. Haziran, Temmuz, A\u011fustos, Eyl\u00fcl, Ekim ve Kas\u0131m aylar\u0131nda ger\u00e7ekle\u015fen faiz art\u0131\u015flar\u0131yla birlikte TCMB&#8217;nin politika faizi h\u0131zla y\u00fckseldi.<\/p>\n<p>Beklenti anketlerine kat\u0131lan ekonomistler, Merkez Bankas\u0131&#8217;n\u0131n politika faizini 250 baz puan art\u0131rarak y\u00fczde 37,5 seviyesine \u00e7\u0131karaca\u011f\u0131n\u0131 \u00f6ng\u00f6rm\u00fc\u015flerdi. Ancak al\u0131nan kararla birlikte faiz oran\u0131 bu beklentinin \u00fczerine \u00e7\u0131karak y\u00fczde 40&#8217;a y\u00fckseldi.<\/p>\n<div class=\"post-flash\">\n        <!--\n\n<h3 class=\"post-flash__title\">G&ouml;zden ka&ccedil;&#305;rmay&#305;n<\/h3>\n\n--><br \/>\n                <a href=\"https:\/\/www.saglikpersonelihaber.net\/ehliyet-almak-artik-daha-pahali-olacak\" class=\"post-flash__content\" target=\"_self\" title=\"Ehliyet Almak Art\u0131k Daha Pahal\u0131 Olacak!\" style=\"background-color: #A61C1E\" rel=\"noopener\"><br \/>\n            <img loading=\"lazy\" decoding=\"async\" src=\"https:\/\/saglikpersonelihabernet.teimg.com\/crop\/250x150\/saglikpersonelihaber-net\/uploads\/2023\/11\/ehliyet.jpg\" alt=\"Ehliyet Almak Art\u0131k Daha Pahal\u0131 Olacak!\" width=\"231\" height=\"140\" class=\"content-paragraph-image\"\/><br \/>\n            <span class=\"post-flash__heading\"><br \/>\n                <span class=\"post-flash__h4\">Ehliyet Almak Art\u0131k Daha Pahal\u0131 Olacak!<\/span><br \/>\n            <\/span><br \/>\n        <\/a>\n            <\/div>\n<p>Bu, TCMB Ba\u015fkan\u0131 Hafize Gaye Erkan&#8217;\u0131n ba\u015fkanl\u0131k etti\u011fi alt\u0131nc\u0131 Para Politikas\u0131 Kurulu toplant\u0131s\u0131 oldu.<\/p>\n<\/p><\/div>\n","protected":false},"excerpt":{"rendered":"<p>Cumhurba\u015fkanl\u0131\u011f\u0131 se\u00e7iminin ard\u0131ndan faiz art\u0131\u015f\u0131 politikas\u0131n\u0131n izlendi\u011fi bu d\u00f6nemde, TCMB&#8217;nin faiz art\u0131\u015flar\u0131na devam etti\u011fi g\u00f6r\u00fcld\u00fc.<\/p>\n","protected":false},"author":1,"featured_media":2484,"comment_status":"open","ping_status":"open","sticky":false,"template":"","format":"standard","meta":{"footnotes":""},"categories":[27],"tags":[],"class_list":["post-2483","post","type-post","status-publish","format-standard","has-post-thumbnail","hentry","category-saglik"],"_links":{"self":[{"href":"https:\/\/haberkaradenizim.com\/index.php\/wp-json\/wp\/v2\/posts\/2483","targetHints":{"allow":["GET"]}}],"collection":[{"href":"https:\/\/haberkaradenizim.com\/index.php\/wp-json\/wp\/v2\/posts"}],"about":[{"href":"https:\/\/haberkaradenizim.com\/index.php\/wp-json\/wp\/v2\/types\/post"}],"author":[{"embeddable":true,"href":"https:\/\/haberkaradenizim.com\/index.php\/wp-json\/wp\/v2\/users\/1"}],"replies":[{"embeddable":true,"href":"https:\/\/haberkaradenizim.com\/index.php\/wp-json\/wp\/v2\/comments?post=2483"}],"version-history":[{"count":0,"href":"https:\/\/haberkaradenizim.com\/index.php\/wp-json\/wp\/v2\/posts\/2483\/revisions"}],"wp:featuredmedia":[{"embeddable":true,"href":"https:\/\/haberkaradenizim.com\/index.php\/wp-json\/wp\/v2\/media\/2484"}],"wp:attachment":[{"href":"https:\/\/haberkaradenizim.com\/index.php\/wp-json\/wp\/v2\/media?parent=2483"}],"wp:term":[{"taxonomy":"category","embeddable":true,"href":"https:\/\/haberkaradenizim.com\/index.php\/wp-json\/wp\/v2\/categories?post=2483"},{"taxonomy":"post_tag","embeddable":true,"href":"https:\/\/haberkaradenizim.com\/index.php\/wp-json\/wp\/v2\/tags?post=2483"}],"curies":[{"name":"wp","href":"https:\/\/api.w.org\/{rel}","templated":true}]}}