{"id":2475,"date":"2023-11-22T16:30:00","date_gmt":"2023-11-22T13:30:00","guid":{"rendered":"https:\/\/haberkaradenizim.com\/index.php\/2023\/11\/22\/saglik-sistemi-hekimleri-korumakta-yetersiz\/"},"modified":"2023-11-22T16:30:00","modified_gmt":"2023-11-22T13:30:00","slug":"saglik-sistemi-hekimleri-korumakta-yetersiz","status":"publish","type":"post","link":"https:\/\/haberkaradenizim.com\/index.php\/2023\/11\/22\/saglik-sistemi-hekimleri-korumakta-yetersiz\/","title":{"rendered":"Sa\u011fl\u0131k Sistemi Hekimleri Korumakta Yetersiz!"},"content":{"rendered":"<div data-text-id=\"30159\" property=\"articleBody\">\n<p><a href=\"https:\/\/www.saglikpersonelihaber.net\/haberleri\" class=\"internal_link\" target=\"_blank\" title=\"\" rel=\"noopener\">Hekimler, sa\u011fl\u0131k sisteminin hekimlere yeterince koruma sa\u011flamad\u0131\u011f\u0131na dikkat \u00e7ekerek, sa\u011fl\u0131kta d\u00f6n\u00fc\u015f\u00fcm program\u0131n\u0131n (SDP) hekimlik mesle\u011fine zarar verdi\u011fini belirtiyorlar. Ankara Tabip Odas\u0131 Ba\u015fkan\u0131 Dr. Muharrem Baytem\u00fcr, ge\u00e7mi\u015fte hekimlik mesle\u011finin takdir g\u00f6rd\u00fc\u011f\u00fcn\u00fc ancak SDP ile birlikte bu mesle\u011fe y\u00f6nelik sald\u0131r\u0131n\u0131n ba\u015flad\u0131\u011f\u0131n\u0131 ifade ediyor. Dr. Baytem\u00fcr, &#8220;Bu itibars\u0131zla\u015ft\u0131rma \u00f6nce hekimi, ard\u0131ndan yurtta\u015flar\u0131 etkiledi. \u00dclkedeki demokratik iklimin bozulmas\u0131 ve sa\u011fl\u0131kta ya\u015fanan \u015fiddet ve geleceksizlik, SDP&#8217;nin bir sonucu olarak ortaya \u00e7\u0131kt\u0131&#8221; diyor.<\/p>\n<p>Hekimler, gen\u00e7 meslekta\u015flar\u0131n\u0131n gelecek kayg\u0131s\u0131 i\u00e7inde olduklar\u0131na vurgu yaparak, intiharlar\u0131 \u00f6nlemenin en \u00f6nemli yolunun dayan\u0131\u015fma oldu\u011funu belirtiyorlar. Ancak, g\u00fcn\u00fcm\u00fczde hekimlerin \u00e7al\u0131\u015fma alanlar\u0131n\u0131n dayan\u0131\u015fmay\u0131 desteklemedi\u011fini dile getiriyorlar. Dr. Baytem\u00fcr, &#8220;G\u00fcnde 150-200 hasta ile hizmet veren meslekta\u015flar\u0131m\u0131z var ve bu ko\u015fullar alt\u0131nda dayan\u0131\u015fma sa\u011flamak olduk\u00e7a zor&#8221; diyor.<\/p>\n<p>Sa\u011fl\u0131k meslek \u00f6rg\u00fctleri, artan intihar vakalar\u0131na dikkat \u00e7ekerek yetkililere &#8220;Harekete ge\u00e7in&#8221; \u00e7a\u011fr\u0131s\u0131 yap\u0131yor. Hekimler, toplumun sa\u011fl\u0131\u011f\u0131n\u0131 korumak ad\u0131na daha iyi \u00e7al\u0131\u015fma ko\u015fullar\u0131 ve mesle\u011fin sayg\u0131nl\u0131\u011f\u0131n\u0131n yeniden tesis edilmesi gerekti\u011fini vurguluyorlar.<\/p>\n<p><strong>&#8220;PS\u0130K\u0130YATR\u0130K DESTEK ALMALILAR&#8221;<\/strong><\/p>\n<p>Hekimlerin y\u00fczdelik dilimlere girerek t\u0131p okumaya hak kazand\u0131klar\u0131na dikkat \u00e7eken S\u00fcleyman Demirel \u00dcniversitesi T\u0131p Fak\u00fcltesi Psikiyatri Ana Bilim Dal\u0131 \u00d6\u011fretim \u00dcyesi Do\u00e7. Dr. G\u00fclin \u00d6zdamar \u00dcnal, \u201cBu m\u00fckemmeliyet\u00e7ilik hekimlerin ileriki meslek ya\u015fant\u0131lar\u0131nda ideal ki\u015filer olarak g\u00f6r\u00fclmesine ra\u011fmen kendileri ile s\u00fcrekli bir yar\u0131\u015f i\u00e7erisinde olmalar\u0131 olarak kar\u015f\u0131m\u0131za \u00e7\u0131k\u0131yor. Yo\u011fun ders ko\u015fullar\u0131 ve n\u00f6betler gibi zorlu \u00e7al\u0131\u015fma ko\u015fullar\u0131 da hekimlerin sosyal ya\u015fant\u0131lar\u0131nda k\u0131s\u0131nt\u0131ya neden oluyor. Tamamlanm\u0131\u015f intihar\u0131 olan, intihar davran\u0131\u015f\u0131 olan hekimlere bakt\u0131\u011f\u0131m\u0131z zaman daha az s\u0131kl\u0131kla psikiyatriye ba\u015fvurduklar\u0131n\u0131 g\u00f6zlemleyebiliyoruz\u201d diye konu\u015ftu.<\/p>\n<p><strong>&#8220;HEK\u0130MLER\u0130 HEDEFE KOYAN D\u0130LDEN KA\u00c7INILMALI&#8221;<\/strong><\/p>\n<p>Hekimlerin \u00e7al\u0131\u015fma ko\u015fullar\u0131n\u0131n dayan\u0131\u015fmadan uzak oldu\u011funa da vurgu yapan Dr. \u00dcnal, \u201cGece n\u00f6betleri, vardiyalar, son d\u00f6nemlerde yayg\u0131n kar\u015f\u0131la\u015f\u0131lan hekime y\u00f6nelik \u015fiddet gibi unsurlar var. Bu da sa\u011fl\u0131k \u00e7al\u0131\u015fanlar\u0131n\u0131n \u00f6nlerini g\u00f6rememeye neden oluyor. Sonu\u00e7 olarak ya\u015fananlar hekimlerin meslek tatminlerini de azalt\u0131yor\u201d dedi. Cumhurba\u015fkan\u0131 Erdo\u011fan\u2019\u0131n \u2018Giderlerse gitsinler\u2019 s\u00f6zleri ya da sa\u011fl\u0131k bakan\u0131n\u0131n son b\u00fct\u00e7e g\u00f6r\u00fc\u015fmelerinde hekimlerin \u2018Para i\u00e7in yurt d\u0131\u015f\u0131na gitti\u011fini\u2019 ima eden el i\u015faretinin ciddi s\u0131k\u0131nt\u0131lara yol a\u00e7abilece\u011fini anlatan Dr. \u00dcnal, \u201c\u00d6te yandan asistan hekimler kimi b\u00f6l\u00fcmlerde hocalar\u0131 taraf\u0131ndan mobbinge u\u011frayabiliyor. Uzmanl\u0131kta ne kadar hasta bakarsan o kadar fazla para al\u0131rs\u0131n denilen performans sistemi var. Bu zorlu \u00e7al\u0131\u015fma \u015fartlar\u0131 ve kar\u015f\u0131 kar\u015f\u0131ya kal\u0131nan \u015fiddet de hekimleri mesleki anlamda t\u00fckenmi\u015fli\u011fe itiyor\u201d ifadelerini kulland\u0131.\u00a0<\/p>\n<p><strong>&#8220;\u015e\u0130DDET MESLE\u011e\u0130 SORGULATIYOR&#8221;<\/strong><\/p>\n<div class=\"post-flash\">\n        <!--\n\n<h3 class=\"post-flash__title\">G&ouml;zden ka&ccedil;&#305;rmay&#305;n<\/h3>\n\n--><br \/>\n                <a href=\"https:\/\/www.saglikpersonelihaber.net\/doktor-doktoru-bicakladi-duyanlar-yok-artik-dedi\" class=\"post-flash__content\" target=\"_self\" title=\"Doktor Doktoru B\u0131\u00e7aklad\u0131! Duyanlar Yok Art\u0131k Dedi!\" style=\"background-color: #A61C1E\" rel=\"noopener\"><br \/>\n            <img loading=\"lazy\" decoding=\"async\" src=\"https:\/\/saglikpersonelihabernet.teimg.com\/crop\/250x150\/saglikpersonelihaber-net\/uploads\/2023\/11\/doktor-doktoru-bicakladi.jpg\" alt=\"Doktor Doktoru B\u0131\u00e7aklad\u0131! Duyanlar Yok Art\u0131k Dedi!\" width=\"231\" height=\"140\" class=\"content-paragraph-image\"\/><br \/>\n            <span class=\"post-flash__heading\"><br \/>\n                <span class=\"post-flash__h4\">Doktor Doktoru B\u0131\u00e7aklad\u0131! Duyanlar Yok Art\u0131k Dedi!<\/span><br \/>\n            <\/span><br \/>\n        <\/a>\n            <\/div>\n<p>Sa\u011fl\u0131ks\u0131z \u00e7al\u0131\u015fma ortam\u0131n\u0131n hekimleri mesleklerini sorgulamaya itti\u011fini ifade eden Dr. \u00dcnal, \u201c\u0130ntihar d\u00fc\u015f\u00fcncesi olan ve takip etti\u011fim bir hastam \u2018Yak\u0131n zamanda uzman olaca\u011f\u0131m ancak yeterli olacak m\u0131y\u0131m? \u00c7al\u0131\u015fma ya\u015fant\u0131mda \u015fiddetle kar\u015f\u0131la\u015faca\u011f\u0131m, buna de\u011fer mi? Ben do\u011fru bir mesle\u011fi se\u00e7tim mi?\u2019 gibi d\u00fc\u015f\u00fcnceleri var. T\u00fcm bunlar\u0131n sonucu olarak hekimlerde intihar davran\u0131\u015f\u0131n\u0131 g\u00f6rebiliyoruz\u201d dedi. Hekimlerin ruhsal yak\u0131nmalar\u0131 ba\u015flad\u0131\u011f\u0131 d\u00f6nemlerde destek almalar\u0131 gerekti\u011fine vurgu yapan Dr. \u00dcnal, \u201cSa\u011fl\u0131k sistemi i\u00e7erisinde hekimleri ruhsal hastal\u0131klar a\u00e7\u0131s\u0131ndan tarayan, y\u00f6nlendiren ve tedaviye ula\u015fmalar\u0131n\u0131 sa\u011flayan bir sisteme ihtiya\u00e7 var. Bu durumda \u00e7o\u011fu intihar\u0131n \u00f6nlenebilece\u011fini biliyoruz\u201d dedi.<\/p>\n<p><strong>&#8220;NEDEN SONU\u00c7 \u0130L\u0130\u015eK\u0130S\u0130 VER\u0130LER\u0130NE \u0130HT\u0130YACIMIZ VAR&#8221;<\/strong><\/p>\n<p>T\u00fcrkiye Psikiyatri Derne\u011finin de aralar\u0131nda oldu\u011fu \u00e7ok say\u0131da sa\u011fl\u0131k meslek \u00f6rg\u00fct\u00fcn\u00fcn artan intiharlara dair bir s\u00fcre \u00f6nce kamuya yapt\u0131klar\u0131 \u2018Harekete ge\u00e7in\u2019 \u00e7a\u011fr\u0131s\u0131n\u0131 hat\u0131rlatan Dr. \u00dcnal, \u201cHekim intiharlar\u0131nda en \u00f6nemli unsur; risk fakt\u00f6rlerinin tan\u0131mlanmas\u0131. Ama T\u00fcrkiye\u2019de bunun literat\u00fcr verisi yok. \u2018Hekimler neden intihar ediyor? Hekimler neden intihara y\u00f6neliyor?\u2019 denilerek risk fakt\u00f6rlerinin tan\u0131mlanmas\u0131 bir sonraki ad\u0131mda m\u00fcdahaleyi ortaya koymam\u0131z\u0131 sa\u011flayacak. Bu y\u00fczden hekimlerin neden intihar etti\u011finin bilimsel veri ve kan\u0131tlarla ortaya konulmas\u0131 son derece \u00f6nemli. Bunun i\u00e7in Sa\u011fl\u0131k Bakanl\u0131\u011f\u0131n\u0131n deste\u011fi ile ilk ad\u0131m hekim intihar\u0131 ard\u0131ndan yap\u0131lm\u0131\u015f bir otopsi \u00e7al\u0131\u015fmas\u0131 y\u00fcr\u00fct\u00fclerek nedenler ortaya koymak olmal\u0131. \u0130kinci ad\u0131m ise yine Bakanl\u0131\u011f\u0131n di\u011fer sa\u011fl\u0131k kurum, kurulu\u015f, dernek vb. yap\u0131larla ortak hareket ederek acil \u00f6nlemleri \u00f6n\u00fcne koymas\u0131 gerekiyor. Bu y\u00fczden t\u00fcm bu neden sonu\u00e7 ili\u015fkisini \u00f6n\u00fcm\u00fcze koymak i\u00e7in verilere ihtiyac\u0131m\u0131z var\u201d diye konu\u015ftu.\u00a0<\/p>\n<\/p><\/div>\n","protected":false},"excerpt":{"rendered":"<p>Hekimler, sa\u011fl\u0131k sisteminin hekimlere yeterince koruma sa\u011flamad\u0131\u011f\u0131na dikkat \u00e7ekerek, sa\u011fl\u0131kta d\u00f6n\u00fc\u015f\u00fcm program\u0131n\u0131n (SDP) hekimlik mesle\u011fine<\/p>\n","protected":false},"author":1,"featured_media":2476,"comment_status":"open","ping_status":"open","sticky":false,"template":"","format":"standard","meta":{"footnotes":""},"categories":[27],"tags":[],"class_list":["post-2475","post","type-post","status-publish","format-standard","has-post-thumbnail","hentry","category-saglik"],"_links":{"self":[{"href":"https:\/\/haberkaradenizim.com\/index.php\/wp-json\/wp\/v2\/posts\/2475","targetHints":{"allow":["GET"]}}],"collection":[{"href":"https:\/\/haberkaradenizim.com\/index.php\/wp-json\/wp\/v2\/posts"}],"about":[{"href":"https:\/\/haberkaradenizim.com\/index.php\/wp-json\/wp\/v2\/types\/post"}],"author":[{"embeddable":true,"href":"https:\/\/haberkaradenizim.com\/index.php\/wp-json\/wp\/v2\/users\/1"}],"replies":[{"embeddable":true,"href":"https:\/\/haberkaradenizim.com\/index.php\/wp-json\/wp\/v2\/comments?post=2475"}],"version-history":[{"count":0,"href":"https:\/\/haberkaradenizim.com\/index.php\/wp-json\/wp\/v2\/posts\/2475\/revisions"}],"wp:featuredmedia":[{"embeddable":true,"href":"https:\/\/haberkaradenizim.com\/index.php\/wp-json\/wp\/v2\/media\/2476"}],"wp:attachment":[{"href":"https:\/\/haberkaradenizim.com\/index.php\/wp-json\/wp\/v2\/media?parent=2475"}],"wp:term":[{"taxonomy":"category","embeddable":true,"href":"https:\/\/haberkaradenizim.com\/index.php\/wp-json\/wp\/v2\/categories?post=2475"},{"taxonomy":"post_tag","embeddable":true,"href":"https:\/\/haberkaradenizim.com\/index.php\/wp-json\/wp\/v2\/tags?post=2475"}],"curies":[{"name":"wp","href":"https:\/\/api.w.org\/{rel}","templated":true}]}}