{"id":2471,"date":"2023-11-21T20:26:00","date_gmt":"2023-11-21T17:26:00","guid":{"rendered":"https:\/\/haberkaradenizim.com\/index.php\/2023\/11\/21\/bashekim-biten-hastane-gelirini-2-kat-artirdi\/"},"modified":"2023-11-21T20:26:00","modified_gmt":"2023-11-21T17:26:00","slug":"bashekim-biten-hastane-gelirini-2-kat-artirdi","status":"publish","type":"post","link":"https:\/\/haberkaradenizim.com\/index.php\/2023\/11\/21\/bashekim-biten-hastane-gelirini-2-kat-artirdi\/","title":{"rendered":"Ba\u015fhekim Biten, Hastane Gelirini 2 kat Art\u0131rd\u0131!"},"content":{"rendered":"<div data-text-id=\"30138\" property=\"articleBody\">\n<div class=\"post-flash\">\n        <!--\n\n<h3 class=\"post-flash__title\">G&ouml;zden ka&ccedil;&#305;rmay&#305;n<\/h3>\n\n--><br \/>\n                <a href=\"https:\/\/www.saglikpersonelihaber.net\/sehir-hastanesi-ilk-ayinda-kriz-yaratti\" class=\"post-flash__content\" target=\"_self\" title=\"\u015eehir Hastanesi \u0130lk Ay\u0131nda Kriz Yaratt\u0131!\" style=\"background-color: #1C38A6\" rel=\"noopener\"><br \/>\n            <img loading=\"lazy\" decoding=\"async\" src=\"https:\/\/saglikpersonelihabernet.teimg.com\/crop\/250x150\/saglikpersonelihaber-net\/uploads\/2023\/11\/izmir-sehir-hastanesi1.jpg\" alt=\"\u015eehir Hastanesi \u0130lk Ay\u0131nda Kriz Yaratt\u0131!\" width=\"231\" height=\"140\" class=\"content-paragraph-image\"\/><br \/>\n            <span class=\"post-flash__heading\"><br \/>\n                <span class=\"post-flash__h4\">\u015eehir Hastanesi \u0130lk Ay\u0131nda Kriz Yaratt\u0131!<\/span><br \/>\n            <\/span><br \/>\n        <\/a>\n            <\/div>\n<p>Ankara-Beytepe\u2019de hizmet veren Beytepe Murat Erdi Eker Devlet Hastanesinde adeta y\u00fczler yeniden g\u00fclmeye ba\u015flad\u0131.\u00a0<\/p>\n<h3><a href=\"https:\/\/www.saglikpersonelihaber.net\/haberleri\/aziz-alper-biten\" class=\"internal_link\" target=\"_blank\" title=\"AZ\u0130Z ALPER B\u0130TEN\" rel=\"noopener\">AZ\u0130Z ALPER B\u0130TEN<\/a> BA\u015eHEK\u0130M OLARAK ATANDI!<\/h3>\n<p>Beytepe Murat Erdi Eker Devlet Hastanesi son aylarda g\u00f6sterdi\u011fi performans ile fark olu\u015fturmaya ba\u015flad\u0131. Gerek fiziki yap\u0131s\u0131 gerek uzman doktor ve personeli ile Beytepe\u2019ye hizmet veren Devlet Hastanesinin Ba\u015fhekimi 2 ay \u00f6ncesinde Dr. Aziz Alper Biten olmu\u015ftu.<\/p>\n<p><img decoding=\"async\" alt=\"murat-erdi-eker-devlet-hastanesi\" class=\"img-fluid detail-photo\" src=\"https:\/\/saglikpersonelihabernet.teimg.com\/saglikpersonelihaber-net\/uploads\/2023\/11\/murat-erdi-eker-devlet-hastanesi.jpg\" style=\"width: 100%\"\/><\/p>\n<h3>HASTANE GEL\u0130R\u0130 2 AYDA 2 KAT ARTTI!<\/h3>\n<p>Murat Erdi Eker Devlet Hastanesi&#8217;ne 2 ay \u00f6nce Ba\u015fhekim olarak atanan Dr. Aziz Alper Biten\u2019in g\u00f6reve ba\u015flamas\u0131n\u0131n \u00fczerinden 2 ay gibi k\u0131sa bir zaman ge\u00e7mi\u015f olmas\u0131na ra\u011fmen hastane gelirlerinin tam 2 kat art\u0131\u015f g\u00f6sterdi\u011fi \u00f6\u011frenildi. Hastanenin g\u00f6zle g\u00f6r\u00fcn\u00fcr derecede gelirinin artmas\u0131yla beraber hizmet kalitesinin de ayn\u0131 \u015fekilde y\u00fckseldi\u011fi ifade ediliyor.\u00a0<\/p>\n<h3>YEN\u0130 HEDEFLER BEL\u0130RLEND\u0130!<\/h3>\n<p>Son aylarda yatak dolulu\u011fu, hasta poliklinik say\u0131lar\u0131ndaki art\u0131\u015fa paralel olarak hastane gelirlerinin de 2 kat\u0131 oran\u0131nda artt\u0131\u011f\u0131 belirtilirken, Hastane idaresinin Ankaral\u0131lara daha iyi hizmet etme noktas\u0131nda yeni hedefler belirledi\u011fi ifade ediliyor.\u00a0<\/p>\n<p>26 a\u011fustos 2016 tarihinden itibaren Sa\u011fl\u0131k Bakanl\u0131\u011f\u0131\u2019na devredilen Beytepe Murat Erdi Eker Devlet Hastanesi, 1. basamak 4 yatakl\u0131 yo\u011fun bak\u0131m \u00fcnitesi, 1. basamak acil servis \u00fcnitesi, poliklinik hizmetleri, di\u015f hekimli\u011fi hizmetleri, laboratuvar hizmetleri, radyoloji hizmetleri, ameliyathane ve sterilizasyon hizmetleri ve\u00a0\u00a0100 yatak kapasiteyle hizmetini s\u00fcrd\u00fcr\u00fcyor.<\/p>\n<h3>B\u0130TEN, BA\u015eARILI \u00c7ALI\u015eMALARIYLA TANINIYOR<\/h3>\n<p>Hastanenin yeni Ba\u015fhekimi Dr. Aziz Alper Biten, Sa\u011fl\u0131k Bakanl\u0131\u011f\u0131nda Y\u00f6netim Hizmetleri Genel M\u00fcd\u00fcrl\u00fc\u011f\u00fc Kura \u0130\u015fleri Daire Ba\u015fkanl\u0131\u011f\u0131 ve \u0130nsan Kaynaklar\u0131 Daire Ba\u015fkanl\u0131\u011f\u0131 ile Bakan Yard\u0131mc\u0131l\u0131\u011f\u0131 dan\u0131\u015fmanl\u0131\u011f\u0131 ve Bakan Dan\u0131\u015fmanl\u0131\u011f\u0131 yard\u0131mc\u0131l\u0131\u011f\u0131 komisyonlar\u0131nda da \u00e7e\u015fitli g\u00f6revlerde ba\u015far\u0131l\u0131 \u00e7al\u0131\u015fmalara imza atm\u0131\u015ft\u0131.<\/p>\n<p>Dr. Biten, sa\u011fl\u0131k sekt\u00f6r\u00fcnde \u00f6nemli projelere imza atmas\u0131yla bilinirken, \u00f6zellikle Sa\u011fl\u0131k Bakanl\u0131\u011f\u0131&#8217;nda g\u00f6rev ald\u0131\u011f\u0131 d\u00f6nemde personel istihdam\u0131, planlamas\u0131 ve atamalar\u0131na ili\u015fkin yenilik\u00e7i projeler geli\u015ftirmesiyle tan\u0131n\u0131yor. Ayr\u0131ca, D\u00fcnya Sa\u011fl\u0131k \u00d6rg\u00fct\u00fc ile i\u015fbirli\u011fi i\u00e7inde projelerde yer alan Biten, uluslararas\u0131 d\u00fczeyde sa\u011fl\u0131k politikalar\u0131na katk\u0131 sa\u011flad\u0131.<\/p>\n<\/p><\/div>\n","protected":false},"excerpt":{"rendered":"<p>\u015eehir Hastanesi \u0130lk Ay\u0131nda Kriz Yaratt\u0131! Ankara-Beytepe\u2019de hizmet veren Beytepe Murat Erdi Eker Devlet Hastanesinde<\/p>\n","protected":false},"author":1,"featured_media":2472,"comment_status":"open","ping_status":"open","sticky":false,"template":"","format":"standard","meta":{"footnotes":""},"categories":[27],"tags":[],"class_list":["post-2471","post","type-post","status-publish","format-standard","has-post-thumbnail","hentry","category-saglik"],"_links":{"self":[{"href":"https:\/\/haberkaradenizim.com\/index.php\/wp-json\/wp\/v2\/posts\/2471","targetHints":{"allow":["GET"]}}],"collection":[{"href":"https:\/\/haberkaradenizim.com\/index.php\/wp-json\/wp\/v2\/posts"}],"about":[{"href":"https:\/\/haberkaradenizim.com\/index.php\/wp-json\/wp\/v2\/types\/post"}],"author":[{"embeddable":true,"href":"https:\/\/haberkaradenizim.com\/index.php\/wp-json\/wp\/v2\/users\/1"}],"replies":[{"embeddable":true,"href":"https:\/\/haberkaradenizim.com\/index.php\/wp-json\/wp\/v2\/comments?post=2471"}],"version-history":[{"count":0,"href":"https:\/\/haberkaradenizim.com\/index.php\/wp-json\/wp\/v2\/posts\/2471\/revisions"}],"wp:featuredmedia":[{"embeddable":true,"href":"https:\/\/haberkaradenizim.com\/index.php\/wp-json\/wp\/v2\/media\/2472"}],"wp:attachment":[{"href":"https:\/\/haberkaradenizim.com\/index.php\/wp-json\/wp\/v2\/media?parent=2471"}],"wp:term":[{"taxonomy":"category","embeddable":true,"href":"https:\/\/haberkaradenizim.com\/index.php\/wp-json\/wp\/v2\/categories?post=2471"},{"taxonomy":"post_tag","embeddable":true,"href":"https:\/\/haberkaradenizim.com\/index.php\/wp-json\/wp\/v2\/tags?post=2471"}],"curies":[{"name":"wp","href":"https:\/\/api.w.org\/{rel}","templated":true}]}}