{"id":2467,"date":"2023-11-21T16:36:00","date_gmt":"2023-11-21T13:36:00","guid":{"rendered":"https:\/\/haberkaradenizim.com\/index.php\/2023\/11\/21\/hekimler-onumuzdeki-yillarda-ne-ameliyat-edecek-cerrah-ne-cocugumuza-bakacak-hekim-bulacagiz\/"},"modified":"2023-11-21T16:36:00","modified_gmt":"2023-11-21T13:36:00","slug":"hekimler-onumuzdeki-yillarda-ne-ameliyat-edecek-cerrah-ne-cocugumuza-bakacak-hekim-bulacagiz","status":"publish","type":"post","link":"https:\/\/haberkaradenizim.com\/index.php\/2023\/11\/21\/hekimler-onumuzdeki-yillarda-ne-ameliyat-edecek-cerrah-ne-cocugumuza-bakacak-hekim-bulacagiz\/","title":{"rendered":"Hekimler: \u00d6n\u00fcm\u00fczdeki Y\u0131llarda Ne Ameliyat Edecek Cerrah Ne \u00c7ocu\u011fumuza Bakacak Hekim Bulaca\u011f\u0131z!"},"content":{"rendered":"<div data-text-id=\"30135\" property=\"articleBody\">\n<p><a href=\"https:\/\/www.saglikpersonelihaber.net\/haberleri\" class=\"internal_link\" target=\"_blank\" title=\"\" rel=\"noopener\">TUS sonu\u00e7lar\u0131na g\u00f6re, \u00e7ocuk cerrahisi kadrolar\u0131n\u0131n y\u00fczde 62\u2019si, pediatri kadrolar\u0131n\u0131n y\u00fczde 60\u2019\u0131, beyin cerrahisi kadrolar\u0131n\u0131n y\u00fczde 41\u2019i ve acil t\u0131p kadrolar\u0131n\u0131n y\u00fczde 34\u2019\u00fc tercih edilmedi\u011fi i\u00e7in bo\u015f kalm\u0131\u015f durumda. Di\u011fer taraftan, plastik, rekonstr\u00fcktif ve estetik cerrahi, fizyoloji, psikiyatri, g\u00f6z hastal\u0131klar\u0131, fiziksel t\u0131p ve rehabilitasyon, deri ve z\u00fchrevi hastal\u0131klar gibi bran\u015flar ise y\u00fcksek puanlarla kadrolar\u0131n\u0131 b\u00fcy\u00fck oranda doldurmu\u015f.<\/p>\n<p>T\u0131p camias\u0131, cerrahi ve \u00e7ocuk hastal\u0131klar\u0131 gibi alanlar\u0131n tercih edilmeme sebebini i\u015f y\u00fck\u00fc, n\u00f6bet fazlal\u0131\u011f\u0131, ekonomik ve \u00f6zl\u00fck haklar\u0131n\u0131n yetersizli\u011fi, \u015fiddet, malpraktis (hatal\u0131 t\u0131bbi uygulama) davalar\u0131n\u0131n s\u0131kl\u0131\u011f\u0131 gibi nedenlere ba\u011fl\u0131yor. Tabip odalar\u0131 ve hekimler, bu sorunlara \u00e7\u00f6z\u00fcm bulunmad\u0131\u011f\u0131 takdirde \u00f6n\u00fcm\u00fczdeki y\u0131llarda cerrah ve \u00e7ocuk doktoru bulman\u0131n zorla\u015faca\u011f\u0131 uyar\u0131s\u0131nda bulunuyor.<\/p>\n<p>Tablo \u00c7ok Ciddi<\/p>\n<p>TUS sonu\u00e7lar\u0131na g\u00f6re, \u00e7ocuk cerrahisi b\u00f6l\u00fcm\u00fcndeki 140 kontenjan\u0131n sadece 51\u2019i dolarken, bin 265 pediatri kadrosunun ise 504\u2019\u00fc doldu. Deri ve z\u00fchrevi hastal\u0131klar, plastik cerrahi, fizyoloji, psikiyatri gibi bran\u015flar ise y\u00fcksek puanlarla kadrolar\u0131n\u0131 b\u00fcy\u00fck \u00f6l\u00e7\u00fcde doldurdu. Ancak, \u00e7ocuk hastal\u0131klar\u0131, acil t\u0131p, genel cerrahi gibi alanlarda bir\u00e7ok kadro bo\u015f kald\u0131 ya da \u00e7ok az tercih edildi.<\/p>\n<p>T\u00fcrk Pediatri Kurumu Ba\u015fkan\u0131 Prof. Dr. Haluk \u00c7oku\u011fra\u015f yapt\u0131\u011f\u0131 a\u00e7\u0131klamada, pediatri kadrolar\u0131n\u0131n bo\u015f kalmas\u0131n\u0131 &#8220;\u00fcz\u00fcc\u00fc&#8221; olarak de\u011ferlendirdi. \u00c7oku\u011fra\u015f, &#8220;Bir tak\u0131m \u00fcniversite pediatri klinikleri hari\u00e7 \u00e7o\u011fu yer ne yaz\u0131k ki tercih edilmemi\u015f. Hatta Anadolu\u2019nun pek \u00e7ok yerinde kapanma noktas\u0131na gelen pediatri klinikleri var. \u00d6rne\u011fin F\u0131rat \u00dcniversitesi 20 kadro a\u00e7\u0131lm\u0131\u015f kimse tercih etmemi\u015f. Ba\u011fc\u0131lar, Antep, Mersin, Karab\u00fck, Mu\u011fla, Tepecik gibi liste gidiyor ve son derece k\u00f6t\u00fc. Maalesef pediatri ve onun dahil oldu\u011fu yan dallar\u0131n\u0131n ciddi bir sorunu. B\u00f6yle giderse herhalde \u00e7ocuklara bakacak \u00e7ocuk doktoru bulamayaca\u011f\u0131z&#8221; dedi. \u00c7oku\u011fra\u015f, pediatrinin tercih edilmeme nedenlerini \u015f\u00f6yle \u00f6zetledi:<\/p>\n<p>&#8220;Bunun de\u011fi\u015fik nedenleri var. Her yerde bir t\u0131p fak\u00fcltesi a\u00e7\u0131lmas\u0131 son derece yanl\u0131\u015f bir karard\u0131. Bunlar\u0131n verdikleri e\u011fitim nitelik olarak yeterli de\u011fil. Ayr\u0131ca hekimlere uygulanan \u015fiddet de tercihleri etkiliyor. Ayr\u0131ca yeni do\u011fan yo\u011fun bak\u0131m, nefroloji, hematoloji-onkoloji gibi bir tak\u0131m yan dallar da se\u00e7ilmiyor. Tercihleri etkileyen bir ba\u015fka durum mecburi hizmet ve maa\u015f e\u015fitsizli\u011fi. Bakanl\u0131k, hem pediatri dernekleri, hem tabip odalar\u0131 ile bir araya gelmeli. \u00c7\u00f6z\u00fcm yollar\u0131n\u0131 \u00fcretmek zorunday\u0131z, bundan zarar g\u00f6recek olan b\u00fct\u00fcn insanlar, hepimizin \u00e7ocuklar\u0131&#8230; T\u00fcrkiye\u2019de \u015fu an ortalama 4 bin kadar pediatrist var, yetersiz de\u011fil ancak da\u011f\u0131l\u0131m\u0131 dengesiz. &#8220;<\/p>\n<p>&#8216;SORUN DER\u0130NLE\u015eECEK&#8217;<\/p>\n<p>T\u00fcrk Tabipleri Birli\u011fi (TTB) \u0130kinci Ba\u015fkan\u0131 Do\u00e7. Dr. Ali \u0130hsan \u00d6kten ise plastik cerrahi, dermatoloji gibi yerlerin her d\u00f6nem TUS puanlar\u0131n\u0131n daha y\u00fcksek oldu\u011funu belirterek &#8220;\u00c7ocuk b\u00f6l\u00fcm\u00fc, cerrahi gibi bran\u015flar e\u011fitimi daha zor olan b\u00f6l\u00fcmler ve daha az tercih edilmeye ba\u015flad\u0131. Bunun birinci nedeni o b\u00f6l\u00fcmlerin asistanl\u0131k s\u00fcresinin, uzmanl\u0131k \u00f6\u011frencili\u011fi s\u00fcrecindeki \u00e7al\u0131\u015fma ko\u015fullar\u0131n\u0131n daha zor ve g\u00fc\u00e7 olmas\u0131&#8221; dedi. \u00d6kten, \u015f\u00f6yle devam etti: &#8220;Daha rahat \u00e7al\u0131\u015fma ko\u015fullar\u0131 olan, n\u00f6beti daha az olan, ileriki s\u00fcre\u00e7lerde ekonomik olarak getirisi daha y\u00fcksek olan bran\u015flar tercih ediliyor. Bu tabii ki uygulanan sa\u011fl\u0131k politikalar\u0131yla da ilintili bir durum. Genel anlamda \u00e7al\u0131\u015fma ko\u015fullar\u0131n\u0131n k\u00f6t\u00fcl\u00fc\u011f\u00fc, sa\u011fl\u0131kta \u015fiddet, ekonomik ve \u00f6zl\u00fck haklar\u0131n iyile\u015ftirilmemesi gibi ya\u015fan\u0131lan sorunlar \u00e7\u00f6z\u00fclmezse sorun bir s\u00fcre sonra daha da ciddi boyutlara gelecek. Bir s\u00fcre sonra vatanda\u015f kendisini ameliyat edecek cerrah, \u00e7ocuklar\u0131n\u0131 tedavi ettirecek hekim bulamayacak.&#8221;<\/p>\n<p>&#8216;SIFIR TERC\u0130H ED\u0130LEN YERLER&#8217;<\/p>\n<p>Baz\u0131 hastanelerde \u00e7ocuk sa\u011fl\u0131\u011f\u0131 ve hastal\u0131klar\u0131, beyin ve sinir cerrahisi, genel cerrahi gibi kadrolar\u0131n hi\u00e7 tercih edilmedi\u011fi ya da \u00e7ok az say\u0131da tercih edildi\u011fi g\u00f6r\u00fcld\u00fc. TUS kontenjan say\u0131lar\u0131, bo\u015f kalan ya da \u00e7ok tercih edilmeyen b\u00f6l\u00fcmlerden baz\u0131lar\u0131 \u015f\u00f6yle:<\/p>\n<div class=\"post-flash\">\n        <!--\n\n<h3 class=\"post-flash__title\">G&ouml;zden ka&ccedil;&#305;rmay&#305;n<\/h3>\n\n--><br \/>\n                <a href=\"https:\/\/www.saglikpersonelihaber.net\/eski-bashekim-dr-ismail-alkan-kendini-asarak-intihar-etti\" class=\"post-flash__content\" target=\"_self\" title=\"Eski Ba\u015fhekim Dr. \u0130smail Alkan, Kendini Asarak \u0130ntihar Etti!\" style=\"background-color: #1C38A6\" rel=\"noopener\"><br \/>\n            <img loading=\"lazy\" decoding=\"async\" src=\"https:\/\/saglikpersonelihabernet.teimg.com\/crop\/250x150\/saglikpersonelihaber-net\/uploads\/2023\/11\/bashekim-dr-ismail-alkan.jpg\" alt=\"Eski Ba\u015fhekim Dr. \u0130smail Alkan, Kendini Asarak \u0130ntihar Etti!\" width=\"231\" height=\"140\" class=\"content-paragraph-image\"\/><br \/>\n            <span class=\"post-flash__heading\"><br \/>\n                <span class=\"post-flash__h4\">Eski Ba\u015fhekim Dr. \u0130smail Alkan, Kendini Asarak \u0130ntihar Etti!<\/span><br \/>\n            <\/span><br \/>\n        <\/a>\n            <\/div>\n<p><img decoding=\"async\" alt=\"14\" class=\"img-fluid detail-photo\" src=\"https:\/\/saglikpersonelihabernet.teimg.com\/saglikpersonelihaber-net\/uploads\/2023\/11\/14.JPG\" style=\"width: 100%\"\/><\/p>\n<\/p><\/div>\n","protected":false},"excerpt":{"rendered":"<p>TUS sonu\u00e7lar\u0131na g\u00f6re, \u00e7ocuk cerrahisi kadrolar\u0131n\u0131n y\u00fczde 62\u2019si, pediatri kadrolar\u0131n\u0131n y\u00fczde 60\u2019\u0131, beyin cerrahisi kadrolar\u0131n\u0131n<\/p>\n","protected":false},"author":1,"featured_media":2468,"comment_status":"open","ping_status":"open","sticky":false,"template":"","format":"standard","meta":{"footnotes":""},"categories":[27],"tags":[],"class_list":["post-2467","post","type-post","status-publish","format-standard","has-post-thumbnail","hentry","category-saglik"],"_links":{"self":[{"href":"https:\/\/haberkaradenizim.com\/index.php\/wp-json\/wp\/v2\/posts\/2467","targetHints":{"allow":["GET"]}}],"collection":[{"href":"https:\/\/haberkaradenizim.com\/index.php\/wp-json\/wp\/v2\/posts"}],"about":[{"href":"https:\/\/haberkaradenizim.com\/index.php\/wp-json\/wp\/v2\/types\/post"}],"author":[{"embeddable":true,"href":"https:\/\/haberkaradenizim.com\/index.php\/wp-json\/wp\/v2\/users\/1"}],"replies":[{"embeddable":true,"href":"https:\/\/haberkaradenizim.com\/index.php\/wp-json\/wp\/v2\/comments?post=2467"}],"version-history":[{"count":0,"href":"https:\/\/haberkaradenizim.com\/index.php\/wp-json\/wp\/v2\/posts\/2467\/revisions"}],"wp:featuredmedia":[{"embeddable":true,"href":"https:\/\/haberkaradenizim.com\/index.php\/wp-json\/wp\/v2\/media\/2468"}],"wp:attachment":[{"href":"https:\/\/haberkaradenizim.com\/index.php\/wp-json\/wp\/v2\/media?parent=2467"}],"wp:term":[{"taxonomy":"category","embeddable":true,"href":"https:\/\/haberkaradenizim.com\/index.php\/wp-json\/wp\/v2\/categories?post=2467"},{"taxonomy":"post_tag","embeddable":true,"href":"https:\/\/haberkaradenizim.com\/index.php\/wp-json\/wp\/v2\/tags?post=2467"}],"curies":[{"name":"wp","href":"https:\/\/api.w.org\/{rel}","templated":true}]}}