{"id":2459,"date":"2023-11-20T15:25:00","date_gmt":"2023-11-20T12:25:00","guid":{"rendered":"https:\/\/haberkaradenizim.com\/index.php\/2023\/11\/20\/memurlar-icin-emeklilik-rehberi-7-onemli-soru-ve-cevap\/"},"modified":"2023-11-20T15:25:00","modified_gmt":"2023-11-20T12:25:00","slug":"memurlar-icin-emeklilik-rehberi-7-onemli-soru-ve-cevap","status":"publish","type":"post","link":"https:\/\/haberkaradenizim.com\/index.php\/2023\/11\/20\/memurlar-icin-emeklilik-rehberi-7-onemli-soru-ve-cevap\/","title":{"rendered":"Memurlar \u0130\u00e7in Emeklilik Rehberi: 7 \u00d6nemli Soru ve Cevap!"},"content":{"rendered":"<div data-text-id=\"30112\" property=\"articleBody\">\n<p><a href=\"https:\/\/www.saglikpersonelihaber.net\/haberleri\" class=\"internal_link\" target=\"_blank\" title=\"\" rel=\"noopener\">Erken emeklilik d\u00fc\u015f\u00fcnen kamu \u00e7al\u0131\u015fanlar\u0131 da bor\u00e7lanma ve iste\u011fe ba\u011fl\u0131 sigorta gibi sosyal haklardan faydalanabilir. En az 10 y\u0131l s\u00fcreyle memur olarak g\u00f6rev yapt\u0131ktan sonra iste\u011fe ba\u011fl\u0131 sigorta primleri \u00f6deyerek emeklilik hakk\u0131 elde edebilirler. Ancak, bu s\u00fcre\u00e7 i\u00e7in Eyl\u00fcl 2004&#8217;ten \u00f6nce ayr\u0131lanlar\u0131n 3 ay, bu tarihten sonra ayr\u0131lanlar\u0131n ise 6 ay i\u00e7inde Sosyal G\u00fcvenlik Kurumu&#8217;na ba\u015fvurmas\u0131 gerekmektedir.<\/p>\n<p>EYT yasas\u0131 kapsam\u0131nda veya normal emeklilik durumunda, SSK veya Ba\u011f-Kur&#8217;dan emekli olduktan sonra kamuda i\u015fe ba\u015flayanlar\u0131n emekli ayl\u0131klar\u0131 kesilmektedir. Ancak, memuriyetten ayr\u0131l\u0131p tekrar emekli ayl\u0131\u011f\u0131 almaya ba\u015flayanlar\u0131n kesildi\u011fi s\u00fcre i\u00e7indeki zamlar ve iyile\u015ftirmeler a\u00e7\u0131s\u0131ndan bir hak kayb\u0131 ya\u015fanmamaktad\u0131r. Kamu \u00e7al\u0131\u015fanlar\u0131, emeklilik s\u00fcre\u00e7lerindeki bu haklardan do\u011fru zamanda ve do\u011fru \u015fekilde faydalanarak mali geleceklerini g\u00fcvence alt\u0131na alabilirler.<\/p>\n<p><strong>BA\u015eLANGI\u00c7 \u00d6NE \u00c7EK\u0130L\u0130R<\/strong><\/p>\n<p>Ekim 2008&#8217;den sonra ilk defa memur olup bu tarihten \u00f6nceki SSK, Ba\u011f-Kur, \u00f6zel sand\u0131k kapsam\u0131ndaki sigortas\u0131 olanlar\u0131n sigortal\u0131l\u0131k ba\u015flang\u0131\u00e7 tarihinden \u00f6nceki s\u00fcrelerine y\u00f6nelik askerlik, \u00f6\u011frencilik, yurtd\u0131\u015f\u0131 hizmet bor\u00e7lanmalar\u0131 ge\u00e7erli say\u0131l\u0131yor. Bor\u00e7land\u0131klar\u0131 s\u00fcre emeklilik hesab\u0131nda dikkate al\u0131nacak, sigorta ba\u015flang\u0131\u00e7lar\u0131 \u00f6ne \u00e7ekilecek. Destek primi emeklilik sonras\u0131 kamuda \u00e7al\u0131\u015fmaya devam eden memurun ayl\u0131\u011f\u0131ndan kesiliyor. Bu primlerin emeklili\u011fe bir etkisi bulunmuyor. Kamu \u00e7al\u0131\u015fanlar\u0131n\u0131n merak ettikleri sorular\u0131n yan\u0131tlar\u0131 \u015f\u00f6yle:<\/p>\n<p><strong>Memurlar da sigorta ba\u015flang\u0131\u00e7 tarihini dolay\u0131s\u0131yla emeklili\u011fi \u00f6ne \u00e7ekmek i\u00e7in askerlik bor\u00e7lanmas\u0131 yapabilir mi?<\/strong><\/p>\n<p>Sosyal G\u00fcvenlik Kurumu, memur stat\u00fcs\u00fcnde \u00e7al\u0131\u015fanlara y\u00f6nelik 19 Ekim 2023 tarihli genelgeyle hizmet bor\u00e7lanmalar\u0131 ile sigorta ba\u015flang\u0131\u00e7 tarihinin \u00f6ne \u00e7ekilmesi imkan\u0131 sa\u011flad\u0131. Yarg\u0131tay karar\u0131 \u00fczerine yap\u0131lan bu d\u00fczenlemeye hizmet bor\u00e7lanmas\u0131 yapan memurlar\u0131n bor\u00e7land\u0131klar\u0131 s\u00fcre, emeklilik hesaplan\u0131rken say\u0131labilecek.<\/p>\n<p>B\u00f6ylece daha erken emekli olma imkan\u0131 do\u011facak. Ekim 2008 sonras\u0131 ilk defa memur stat\u00fcs\u00fcnde sigortal\u0131 olunmas\u0131na kar\u015f\u0131n bu tarihten \u00f6ncesinde SSK, Ba\u011f-Kur, \u00f6zel sand\u0131k kapsam\u0131nda sigortas\u0131 olanlar\u0131n ba\u015flang\u0131\u00e7 tarihinden \u00f6nceki s\u00fcrelerine y\u00f6nelik yapacaklar\u0131 askerlik, \u00f6\u011frencilik, yurtd\u0131\u015f\u0131 gibi hizmet bor\u00e7lanmalar\u0131 ge\u00e7erli say\u0131lacak. Bu s\u00fcreler emeklilikte dikkate al\u0131nacak, sigorta ba\u015flang\u0131c\u0131 bor\u00e7lan\u0131lan s\u00fcre kadar \u00f6nce \u00e7ekilecek.<\/p>\n<div class=\"post-flash\">\n        <!--\n\n<h3 class=\"post-flash__title\">G&ouml;zden ka&ccedil;&#305;rmay&#305;n<\/h3>\n\n--><br \/>\n                <a href=\"https:\/\/www.saglikpersonelihaber.net\/bashekimlikten-yemek-skandalina-iliskin-aciklama\" class=\"post-flash__content\" target=\"_self\" title=\"Ba\u015fhekimlikten Yemek Skandal\u0131na \u0130li\u015fkin A\u00e7\u0131klama!\" style=\"background-color: #A61C1E\" rel=\"noopener\"><br \/>\n            <img loading=\"lazy\" decoding=\"async\" src=\"https:\/\/saglikpersonelihabernet.teimg.com\/crop\/250x150\/saglikpersonelihaber-net\/uploads\/2023\/11\/yemek-skandali.jpg\" alt=\"Ba\u015fhekimlikten Yemek Skandal\u0131na \u0130li\u015fkin A\u00e7\u0131klama!\" width=\"231\" height=\"140\" class=\"content-paragraph-image\"\/><br \/>\n            <span class=\"post-flash__heading\"><br \/>\n                <span class=\"post-flash__h4\">Ba\u015fhekimlikten Yemek Skandal\u0131na \u0130li\u015fkin A\u00e7\u0131klama!<\/span><br \/>\n            <\/span><br \/>\n        <\/a>\n            <\/div>\n<p><strong>Y\u00fcksek yarg\u0131n\u0131n bor\u00e7lanma imkan\u0131 sa\u011flad\u0131\u011f\u0131 karar b\u00fct\u00fcn memurlar\u0131 kaps\u0131yor mu?<\/strong><\/p>\n<p>Ekim 2008 sonras\u0131 memur olarak \u00e7al\u0131\u015f\u0131p \u00f6ncesinde sigortal\u0131l\u0131\u011f\u0131 olanlara bor\u00e7lanma imkan\u0131 getirildi. T\u00fcm sigortal\u0131l\u0131k stat\u00fcleri bak\u0131m\u0131ndan ilk sigortal\u0131 olduklar\u0131 tarih Ekim 2008 sonras\u0131 \u00e7al\u0131\u015fmaya ba\u015flayan memurlar\u0131 kapsamayacak, bor\u00e7land\u0131klar\u0131 s\u00fcreler sigorta ba\u015flang\u0131c\u0131n\u0131 \u00f6ne \u00e7ekmeyecek.<\/p>\n<p><strong>Kamudan emekli oldum ticaret yapmam halinde destek primi \u00f6demem gerekiyor mu? Ayl\u0131\u011f\u0131m kesilir mi?<\/strong><\/p>\n<p>Emekli olduktan sonra kimlerin hem ayl\u0131k hem destek primi \u00f6deyerek \u00e7al\u0131\u015faca\u011f\u0131 sosyal g\u00fcvenlik sistemine kat\u0131l\u0131m durumuna g\u00f6re de\u011fi\u015fiyor. Sosyal g\u00fcvenlik reformunun yap\u0131ld\u0131\u011f\u0131 2008 \u00f6ncesi ve sonras\u0131 sisteme girenler aras\u0131nda ay\u0131r\u0131m bulunuyor. Reform sonras\u0131 SSK&#8217;l\u0131 olanlar y\u00f6n\u00fcnden destek primi \u00f6deyerek \u00e7al\u0131\u015fma imkan\u0131 bulunmuyor.<\/p>\n<p>Reform sonras\u0131 i\u015fe girenlerden Ba\u011f-Kur sigortal\u0131lar\u0131ndan kesintiye 2016&#8217;da son verildi. \u0130ster memur ister i\u015f\u00e7i olsun kendi ad\u0131na i\u015f yeri a\u00e7an, ticaret yapan\u0131n emekli ayl\u0131\u011f\u0131 kesilmez. SSK, Ba\u011f-Kur, Emekli Sand\u0131\u011f\u0131 hangi stat\u00fcden olursa olsun emekli olduktan sonra memuriyete d\u00f6nenlerin ya\u015fl\u0131l\u0131k ayl\u0131\u011f\u0131 ise reform \u00f6ncesinde oldu\u011fu gibi ayl\u0131ktan kesiliyor.<\/p>\n<p><strong>Emekli polisim, g\u00fcvenlik \u015firketinde \u00e7al\u0131\u015f\u0131rsam ayl\u0131\u011f\u0131mda bir kesinti olur mu?<\/strong><\/p>\n<p>Emekli memur \u00f6zel sekt\u00f6rde \u00e7al\u0131\u015ft\u0131\u011f\u0131nda emekli ayl\u0131\u011f\u0131 kesilmez. Yasada belirlenen oranda yeni i\u015fyerindeki maa\u015f\u0131ndan sosyal destek primi kesilir. B\u00f6ylece hem emekli ayl\u0131\u011f\u0131 hem de yeni i\u015fyerindeki maa\u015f\u0131n\u0131 alabilirler. Ancak emekli memur tekrar kamuda \u00e7al\u0131\u015fmaya ba\u015flarsa emekli ayl\u0131\u011f\u0131 kesilir.<\/p>\n<p>Emekli olup kamuda \u00e7al\u0131\u015fmaya devam eden b\u00fct\u00fcn memurlar\u0131n m\u0131 emekli ayl\u0131\u011f\u0131 kesiliyor?<\/p>\n<p>Cumhurba\u015fkanl\u0131\u011f\u0131na se\u00e7ilenler, Bakanlar Kurulu \u00fcyeli\u011fine atananlar, yasama organ\u0131 \u00fcyeleri, ya\u015f haddini a\u015fmam\u0131\u015f kayd\u0131yla e\u011fitim kurumlar\u0131nda \u00fccretli \u00e7al\u0131\u015fanlar, vak\u0131f \u00fcniversitelerinde g\u00f6rev alanlar, askeri \u00f6\u011frenci e\u011fitimlerine kat\u0131lan emekli subay, astsubaylar ayl\u0131klar\u0131 kesilmeden kamu idarelerinde g\u00f6rev alabiliyor.<\/p>\n<p><strong>Memurlar \u00fccretsiz izin d\u00f6nemini bor\u00e7lanarak emeklili\u011fe hak kazanabilir mi?<\/strong><\/p>\n<p>Memuriyete 8 Eyl\u00fcl 1999&#8217;dan \u00f6nce ba\u015flayanlar \u00fccretsiz izin d\u00f6nemini bor\u00e7lanarak emekli olabiliyor. Memurlu\u011fa Ekim 2008&#8217;den \u00f6nce ba\u015flad\u0131ysan\u0131z ayl\u0131ks\u0131z izinli ge\u00e7en s\u00fcreleriniz emeklilik y\u00f6n\u00fcnden eski derecenizde (Emekli Sand\u0131\u011f\u0131 kapsam\u0131nda) de\u011ferlendirilecektir. Bu durumda emeklilikten alt\u0131 ay \u00f6nceden ayl\u0131ks\u0131z izin s\u00fcresinin bor\u00e7lan\u0131lmas\u0131 gerekiyor.<\/p>\n<p><strong>Sonradan engelli olan memur da erken emekli olabilir mi?<\/strong><\/p>\n<p>\u00c7al\u0131\u015fmaya ba\u015flad\u0131ktan sonra t\u0131bbi raporlara g\u00f6re \u00e7al\u0131\u015fma g\u00fcc\u00fcndeki kay\u0131p oran\u0131 y\u00fczde 50-59 aras\u0131nda olanlar en az 5 bin 760 g\u00fcn prim \u00f6deyerek istedi\u011fi zaman emekli olabilir.<\/p>\n<p>sabah<\/p>\n<\/p><\/div>\n","protected":false},"excerpt":{"rendered":"<p>Erken emeklilik d\u00fc\u015f\u00fcnen kamu \u00e7al\u0131\u015fanlar\u0131 da bor\u00e7lanma ve iste\u011fe ba\u011fl\u0131 sigorta gibi sosyal haklardan faydalanabilir.<\/p>\n","protected":false},"author":1,"featured_media":2460,"comment_status":"open","ping_status":"open","sticky":false,"template":"","format":"standard","meta":{"footnotes":""},"categories":[27],"tags":[],"class_list":["post-2459","post","type-post","status-publish","format-standard","has-post-thumbnail","hentry","category-saglik"],"_links":{"self":[{"href":"https:\/\/haberkaradenizim.com\/index.php\/wp-json\/wp\/v2\/posts\/2459","targetHints":{"allow":["GET"]}}],"collection":[{"href":"https:\/\/haberkaradenizim.com\/index.php\/wp-json\/wp\/v2\/posts"}],"about":[{"href":"https:\/\/haberkaradenizim.com\/index.php\/wp-json\/wp\/v2\/types\/post"}],"author":[{"embeddable":true,"href":"https:\/\/haberkaradenizim.com\/index.php\/wp-json\/wp\/v2\/users\/1"}],"replies":[{"embeddable":true,"href":"https:\/\/haberkaradenizim.com\/index.php\/wp-json\/wp\/v2\/comments?post=2459"}],"version-history":[{"count":0,"href":"https:\/\/haberkaradenizim.com\/index.php\/wp-json\/wp\/v2\/posts\/2459\/revisions"}],"wp:featuredmedia":[{"embeddable":true,"href":"https:\/\/haberkaradenizim.com\/index.php\/wp-json\/wp\/v2\/media\/2460"}],"wp:attachment":[{"href":"https:\/\/haberkaradenizim.com\/index.php\/wp-json\/wp\/v2\/media?parent=2459"}],"wp:term":[{"taxonomy":"category","embeddable":true,"href":"https:\/\/haberkaradenizim.com\/index.php\/wp-json\/wp\/v2\/categories?post=2459"},{"taxonomy":"post_tag","embeddable":true,"href":"https:\/\/haberkaradenizim.com\/index.php\/wp-json\/wp\/v2\/tags?post=2459"}],"curies":[{"name":"wp","href":"https:\/\/api.w.org\/{rel}","templated":true}]}}