{"id":2447,"date":"2023-11-18T21:04:00","date_gmt":"2023-11-18T18:04:00","guid":{"rendered":"https:\/\/haberkaradenizim.com\/index.php\/2023\/11\/18\/hekim-olmayan-hastanede-emekciye-zorla-hafta-sonu-mesaisi\/"},"modified":"2023-11-18T21:04:00","modified_gmt":"2023-11-18T18:04:00","slug":"hekim-olmayan-hastanede-emekciye-zorla-hafta-sonu-mesaisi","status":"publish","type":"post","link":"https:\/\/haberkaradenizim.com\/index.php\/2023\/11\/18\/hekim-olmayan-hastanede-emekciye-zorla-hafta-sonu-mesaisi\/","title":{"rendered":"Hekim Olmayan Hastanede Emek\u00e7iye Zorla Hafta Sonu Mesaisi!"},"content":{"rendered":"<div data-text-id=\"30083\" property=\"articleBody\">\n<p><a href=\"https:\/\/www.saglikpersonelihaber.net\/haberleri\" class=\"internal_link\" target=\"_blank\" title=\"\" rel=\"noopener\">Fazla mesai \u00fccretleri konusunda ya\u015fanan sorunlar sebebiyle dava a\u00e7an hastane \u00e7al\u0131\u015fanlar\u0131, haftada 51 saat \u00e7al\u0131\u015ft\u0131r\u0131lmalar\u0131na ra\u011fmen hekim olmayan g\u00fcnlerde cumartesi mesaisine \u00e7a\u011fr\u0131ld\u0131.<\/p>\n<p>Sekreterlerden laboratuvar \u00e7al\u0131\u015fanlar\u0131na kadar geni\u015f bir kesimi etkileyen karar, hastane emek\u00e7ilerini eyleme s\u00fcr\u00fckledi. Mesaiye \u00e7a\u011fr\u0131lan i\u015f\u00e7iler, kamu kaynaklar\u0131n\u0131n zarara u\u011frad\u0131\u011f\u0131n\u0131 ve uygulaman\u0131n mobbing oldu\u011funu ifade etti.<\/p>\n<p>Emek\u00e7iler, y\u00f6netimin mesai uygulamas\u0131n\u0131, kendilerine kar\u015f\u0131 yap\u0131lan bir yapt\u0131r\u0131m olarak g\u00f6rd\u00fcklerini belirterek, toplu i\u015f s\u00f6zle\u015fmesi s\u00fcreciyle ilgili hukuki ad\u0131mlar att\u0131klar\u0131n\u0131 vurgulad\u0131lar. A\u00e7\u0131lan davalar\u0131n, hastane y\u00f6netimi taraf\u0131ndan emek\u00e7ilere y\u00f6nelik yap\u0131lan bir i\u015f\u00e7i d\u00fc\u015fmanl\u0131\u011f\u0131 olarak alg\u0131land\u0131\u011f\u0131n\u0131 dile getirdiler.<\/p>\n<p>Bir i\u015f\u00e7i temsilcisi,<\/p>\n<div class=\"post-flash\">\n        <!--\n\n<h3 class=\"post-flash__title\">G&ouml;zden ka&ccedil;&#305;rmay&#305;n<\/h3>\n\n--><br \/>\n                <a href=\"https:\/\/www.saglikpersonelihaber.net\/onder-kahveci-aile-sagligi-calisanlarinin-her-zaman-yanindayiz\" class=\"post-flash__content\" target=\"_self\" title=\"\u00d6nder Kahveci: Aile Sa\u011fl\u0131\u011f\u0131 \u00c7al\u0131\u015fanlar\u0131n\u0131n Her Zaman Yan\u0131nday\u0131z!\" style=\"background-color: #A61C1E\" rel=\"noopener\"><br \/>\n            <img loading=\"lazy\" decoding=\"async\" src=\"https:\/\/saglikpersonelihabernet.teimg.com\/crop\/250x150\/saglikpersonelihaber-net\/uploads\/2023\/11\/asm-calisani.jpg\" alt=\"\u00d6nder Kahveci: Aile Sa\u011fl\u0131\u011f\u0131 \u00c7al\u0131\u015fanlar\u0131n\u0131n Her Zaman Yan\u0131nday\u0131z!\" width=\"231\" height=\"140\" class=\"content-paragraph-image\"\/><br \/>\n            <span class=\"post-flash__heading\"><br \/>\n                <span class=\"post-flash__h4\">\u00d6nder Kahveci: Aile Sa\u011fl\u0131\u011f\u0131 \u00c7al\u0131\u015fanlar\u0131n\u0131n Her Zaman Yan\u0131nday\u0131z!<\/span><br \/>\n            <\/span><br \/>\n        <\/a>\n            <\/div>\n<blockquote>\n<p>&#8220;Hastane y\u00f6netimi, kendisine a\u00e7\u0131lan mesai alacaklar\u0131 i\u00e7in yap\u0131lan hukuki ad\u0131mlar\u0131, i\u015f\u00e7i d\u00fc\u015fmanl\u0131\u011f\u0131 yaparak k\u00f6t\u00fc bir \u015fekilde y\u00f6netiyor. \u0130nsanlar\u0131 ma\u011fdur edip alenen emek\u00e7i d\u00fc\u015fmanl\u0131\u011f\u0131 yapmaktad\u0131r.&#8221; dedi.<\/p>\n<\/blockquote><\/div>\n","protected":false},"excerpt":{"rendered":"<p>Fazla mesai \u00fccretleri konusunda ya\u015fanan sorunlar sebebiyle dava a\u00e7an hastane \u00e7al\u0131\u015fanlar\u0131, haftada 51 saat \u00e7al\u0131\u015ft\u0131r\u0131lmalar\u0131na<\/p>\n","protected":false},"author":1,"featured_media":2448,"comment_status":"open","ping_status":"open","sticky":false,"template":"","format":"standard","meta":{"footnotes":""},"categories":[27],"tags":[],"class_list":["post-2447","post","type-post","status-publish","format-standard","has-post-thumbnail","hentry","category-saglik"],"_links":{"self":[{"href":"https:\/\/haberkaradenizim.com\/index.php\/wp-json\/wp\/v2\/posts\/2447","targetHints":{"allow":["GET"]}}],"collection":[{"href":"https:\/\/haberkaradenizim.com\/index.php\/wp-json\/wp\/v2\/posts"}],"about":[{"href":"https:\/\/haberkaradenizim.com\/index.php\/wp-json\/wp\/v2\/types\/post"}],"author":[{"embeddable":true,"href":"https:\/\/haberkaradenizim.com\/index.php\/wp-json\/wp\/v2\/users\/1"}],"replies":[{"embeddable":true,"href":"https:\/\/haberkaradenizim.com\/index.php\/wp-json\/wp\/v2\/comments?post=2447"}],"version-history":[{"count":0,"href":"https:\/\/haberkaradenizim.com\/index.php\/wp-json\/wp\/v2\/posts\/2447\/revisions"}],"wp:featuredmedia":[{"embeddable":true,"href":"https:\/\/haberkaradenizim.com\/index.php\/wp-json\/wp\/v2\/media\/2448"}],"wp:attachment":[{"href":"https:\/\/haberkaradenizim.com\/index.php\/wp-json\/wp\/v2\/media?parent=2447"}],"wp:term":[{"taxonomy":"category","embeddable":true,"href":"https:\/\/haberkaradenizim.com\/index.php\/wp-json\/wp\/v2\/categories?post=2447"},{"taxonomy":"post_tag","embeddable":true,"href":"https:\/\/haberkaradenizim.com\/index.php\/wp-json\/wp\/v2\/tags?post=2447"}],"curies":[{"name":"wp","href":"https:\/\/api.w.org\/{rel}","templated":true}]}}