{"id":2427,"date":"2023-11-16T13:07:00","date_gmt":"2023-11-16T10:07:00","guid":{"rendered":"https:\/\/haberkaradenizim.com\/index.php\/2023\/11\/16\/27-gazzeli-hasta-misirdan-turkiyeye-getirildi\/"},"modified":"2023-11-16T13:07:00","modified_gmt":"2023-11-16T10:07:00","slug":"27-gazzeli-hasta-misirdan-turkiyeye-getirildi","status":"publish","type":"post","link":"https:\/\/haberkaradenizim.com\/index.php\/2023\/11\/16\/27-gazzeli-hasta-misirdan-turkiyeye-getirildi\/","title":{"rendered":"27 Gazze\u2019li Hasta M\u0131s\u0131r\u2019dan T\u00fcrkiye\u2019ye Getirildi!"},"content":{"rendered":"<div data-text-id=\"30027\" property=\"articleBody\">\n<p><a href=\"https:\/\/www.saglikpersonelihaber.net\/haberleri\" class=\"internal_link\" target=\"_blank\" title=\"\" rel=\"noopener\">Bakan Koca, Esenbo\u011fa Havaliman\u0131&#8217;nda yapt\u0131\u011f\u0131 a\u00e7\u0131klamada, Gazze&#8217;deki insanl\u0131k dram\u0131na kar\u015f\u0131 T\u00fcrkiye&#8217;nin kararl\u0131l\u0131kla yard\u0131m ve destek sa\u011flad\u0131\u011f\u0131n\u0131 belirtti. Gazze&#8217;deki acil duruma m\u00fcdahale etmek amac\u0131yla T\u00fcrkiye&#8217;nin M\u0131s\u0131r&#8217;a ula\u015ft\u0131rd\u0131\u011f\u0131 10 kargo u\u00e7a\u011f\u0131, bir gemi, 8 sahra hastanesi, 20 ambulans, ventilat\u00f6rler, kuv\u00f6zler ve jenerat\u00f6rler i\u00e7eren 666 tonluk yard\u0131m\u0131 da a\u00e7\u0131klad\u0131.<\/p>\n<p>Ayr\u0131ca, M\u0131s\u0131r&#8217;da bulunan kanser hastalar\u0131n\u0131n T\u00fcrkiye&#8217;ye transferi i\u00e7in ger\u00e7ekle\u015ftirilen \u00e7al\u0131\u015fmalar sonucunda, 27 hasta ve 13 refakat\u00e7inin Cumhurba\u015fkanl\u0131\u011f\u0131 ve Milli Savunma Bakanl\u0131\u011f\u0131na ait u\u00e7aklarla T\u00fcrkiye&#8217;ye getirildi\u011fini ifade etti. Bakan Koca, T\u00fcrkiye&#8217;nin Gazze&#8217;deki acil duruma m\u00fcdahale konusundaki \u00e7abalar\u0131n\u0131n diplomatik ve sahada artarak devam edece\u011fini vurgulayarak, M\u0131s\u0131r&#8217;\u0131n gemiyle yard\u0131m g\u00f6nderme ve Refah S\u0131n\u0131r Kap\u0131s\u0131 \u00fczerinden hasta transferine izin verme konusunda T\u00fcrkiye&#8217;ye izin verdi\u011fi ilk \u00fclke oldu\u011funu belirtti.<\/p>\n<div class=\"post-flash\">\n        <!--\n\n<h3 class=\"post-flash__title\">G&ouml;zden ka&ccedil;&#305;rmay&#305;n<\/h3>\n\n--><br \/>\n                <a href=\"https:\/\/www.saglikpersonelihaber.net\/soylu-tum-hesaplarini-erdogandan-sonrasina-yapiyor\" class=\"post-flash__content\" target=\"_self\" title=\"Soylu T\u00fcm Hesaplar\u0131n\u0131 Erdo\u011fan\u2019dan Sonras\u0131na Yap\u0131yor!\" style=\"background-color: #A61C1E\" rel=\"noopener\"><br \/>\n            <img loading=\"lazy\" decoding=\"async\" src=\"https:\/\/saglikpersonelihabernet.teimg.com\/crop\/250x150\/saglikpersonelihaber-net\/uploads\/2023\/11\/suleymen-soylu.jpg\" alt=\"Soylu T\u00fcm Hesaplar\u0131n\u0131 Erdo\u011fan\u2019dan Sonras\u0131na Yap\u0131yor!\" width=\"231\" height=\"140\" class=\"content-paragraph-image\"\/><br \/>\n            <span class=\"post-flash__heading\"><br \/>\n                <span class=\"post-flash__h4\">Soylu T\u00fcm Hesaplar\u0131n\u0131 Erdo\u011fan\u2019dan Sonras\u0131na Yap\u0131yor!<\/span><br \/>\n            <\/span><br \/>\n        <\/a>\n            <\/div>\n<p>Gazze ve M\u0131s\u0131r&#8217;da kurulmas\u0131 planlanan sahra hastaneleriyle ilgili \u00e7al\u0131\u015fmalar\u0131n s\u00fcrd\u00fc\u011f\u00fcn\u00fc dile getiren Bakan Koca, T\u00fcrkiye&#8217;den g\u00f6nderilen 20 ki\u015filik sa\u011fl\u0131k ekibinin b\u00f6lgede hastalar\u0131 de\u011ferlendirmek \u00fczere g\u00f6nderildi\u011fini ve ihtiya\u00e7 olan bran\u015flarda takviye edilece\u011fini ifade etti. Koca, T\u00fcrkiye&#8217;ye getirilen hastalar\u0131n tamam\u0131n\u0131n kanser hastas\u0131 oldu\u011funu belirtirken, \u00f6n\u00fcm\u00fczdeki g\u00fcnlerde daha fazla hastan\u0131n T\u00fcrkiye&#8217;ye getirilmesi i\u00e7in \u00e7al\u0131\u015fmalar\u0131n devam edece\u011fini a\u00e7\u0131klad\u0131.<\/p>\n<\/p><\/div>\n","protected":false},"excerpt":{"rendered":"<p>Bakan Koca, Esenbo\u011fa Havaliman\u0131&#8217;nda yapt\u0131\u011f\u0131 a\u00e7\u0131klamada, Gazze&#8217;deki insanl\u0131k dram\u0131na kar\u015f\u0131 T\u00fcrkiye&#8217;nin kararl\u0131l\u0131kla yard\u0131m ve destek<\/p>\n","protected":false},"author":1,"featured_media":2428,"comment_status":"open","ping_status":"open","sticky":false,"template":"","format":"standard","meta":{"footnotes":""},"categories":[27],"tags":[],"class_list":["post-2427","post","type-post","status-publish","format-standard","has-post-thumbnail","hentry","category-saglik"],"_links":{"self":[{"href":"https:\/\/haberkaradenizim.com\/index.php\/wp-json\/wp\/v2\/posts\/2427","targetHints":{"allow":["GET"]}}],"collection":[{"href":"https:\/\/haberkaradenizim.com\/index.php\/wp-json\/wp\/v2\/posts"}],"about":[{"href":"https:\/\/haberkaradenizim.com\/index.php\/wp-json\/wp\/v2\/types\/post"}],"author":[{"embeddable":true,"href":"https:\/\/haberkaradenizim.com\/index.php\/wp-json\/wp\/v2\/users\/1"}],"replies":[{"embeddable":true,"href":"https:\/\/haberkaradenizim.com\/index.php\/wp-json\/wp\/v2\/comments?post=2427"}],"version-history":[{"count":0,"href":"https:\/\/haberkaradenizim.com\/index.php\/wp-json\/wp\/v2\/posts\/2427\/revisions"}],"wp:featuredmedia":[{"embeddable":true,"href":"https:\/\/haberkaradenizim.com\/index.php\/wp-json\/wp\/v2\/media\/2428"}],"wp:attachment":[{"href":"https:\/\/haberkaradenizim.com\/index.php\/wp-json\/wp\/v2\/media?parent=2427"}],"wp:term":[{"taxonomy":"category","embeddable":true,"href":"https:\/\/haberkaradenizim.com\/index.php\/wp-json\/wp\/v2\/categories?post=2427"},{"taxonomy":"post_tag","embeddable":true,"href":"https:\/\/haberkaradenizim.com\/index.php\/wp-json\/wp\/v2\/tags?post=2427"}],"curies":[{"name":"wp","href":"https:\/\/api.w.org\/{rel}","templated":true}]}}