{"id":2425,"date":"2023-11-16T10:15:17","date_gmt":"2023-11-16T07:15:17","guid":{"rendered":"https:\/\/haberkaradenizim.com\/index.php\/2023\/11\/16\/brezilyayi-salladi-turkiyeye-geliyor-galatasaraydan-bomba-transfer-hamlesi\/"},"modified":"2023-11-16T10:15:17","modified_gmt":"2023-11-16T07:15:17","slug":"brezilyayi-salladi-turkiyeye-geliyor-galatasaraydan-bomba-transfer-hamlesi","status":"publish","type":"post","link":"https:\/\/haberkaradenizim.com\/index.php\/2023\/11\/16\/brezilyayi-salladi-turkiyeye-geliyor-galatasaraydan-bomba-transfer-hamlesi\/","title":{"rendered":"Brezilya\u2019y\u0131 sallad\u0131 T\u00fcrkiye\u2019ye geliyor! Galatasaray\u2019dan bomba transfer hamlesi"},"content":{"rendered":"<p><\n\n<div>\n<p><h2 class=\"spot\" id=\"haberSpot\">UEFA \u015eampiyonlar Ligi&#8217;nde gruplardan \u00e7\u0131kmak isteyen ve Trendyol S\u00fcper Lig&#8217;de de \u015fampiyon unvan\u0131n\u0131 korumak isteyen Galatasaray, devre aras\u0131 transfer \u00e7al\u0131\u015fmalar\u0131 i\u00e7in gaza bast\u0131. Sar\u0131-k\u0131rm\u0131z\u0131l\u0131lar teknik direkt\u00f6r Okan Buruk&#8217;un raporu do\u011frultusunda hareket ederken, arad\u0131\u011f\u0131 ismi ise Brezilya&#8217;da buldu. \u0130\u015fte Galatasaray&#8217;daki son geli\u015fmeler ve listedeki o y\u0131ld\u0131z&#8230; | Galatasaray transfer haberleri (GS spor haberi)<\/h2>\n<\/p>\n<div class=\"textInfo view-10 view-md-20 text-center\"><span class=\"first-child\"> <a href=\"https:\/\/www.aspor.com.tr\/galatasaray\"> Galatasaray Haberleri<\/a> <\/span> <span> <text>Yay\u0131n Tarihi: 16.11.2023- 09:56<\/text> <\/span><\/div>\n<\/div>\n<div>\n<figure class=\"featured-image view-10 view-md-20 paged\" data-index=\"2\"><a href=\"https:\/\/iaaspr.tmgrup.com.tr\/ad3f52\/0\/0\/0\/0\/0\/0?u=https:\/\/iaspr.tmgrup.com.tr\/album\/2023\/11\/16\/brezilyayi-salladi-turkiyeye-geliyor-galatasaraydan-bomba-transfer-hamlesi-1700117489426.jpg&amp;mw=836&amp;mh=530&amp;l=1\" class=\"img-link fancybox-effects\"> <span class=\"iconBounce fancy\"\/> <picture> <!--[if IE 9]><video style=\"display:none\"><![endif]--><source srcset=\"https:\/\/iaaspr.tmgrup.com.tr\/ad3f52\/0\/0\/0\/0\/0\/0?u=https:\/\/iaspr.tmgrup.com.tr\/album\/2023\/11\/16\/brezilyayi-salladi-turkiyeye-geliyor-galatasaraydan-bomba-transfer-hamlesi-1700117489426.jpg&amp;mw=836&amp;mh=530&amp;l=1\" media=\"(min-width: 768px)\"><source srcset=\"https:\/\/iaaspr.tmgrup.com.tr\/4c3423\/0\/0\/0\/0\/0\/0?u=https:\/\/iaspr.tmgrup.com.tr\/album\/2023\/11\/16\/brezilyayi-salladi-turkiyeye-geliyor-galatasaraydan-bomba-transfer-hamlesi-1700117489426.jpg&amp;mw=520&amp;mh=330&amp;l=1\" media=\"(min-width: 576px)\"><!--[if IE 9]><\/video><![endif]--> <img decoding=\"async\" src=\"https:\/\/iaspr.tmgrup.com.tr\/album\/2023\/11\/16\/brezilyayi-salladi-turkiyeye-geliyor-galatasaraydan-bomba-transfer-hamlesi-1700117489426.jpg\" class=\"lazyload\" alt=\"Brezilya\u2019y\u0131 sallad\u0131 T\u00fcrkiye\u2019ye geliyor! Galatasaray\u2019dan bomba transfer hamlesi\"\/>  <\/source><\/source><\/picture> <\/a><\/figure>\n<section class=\"detail-text-content\">\n<p>Ge\u00e7ti\u011fimiz sezon ligde \u015fampiyonlu\u011fa ula\u015fan sar\u0131-k\u0131rm\u0131z\u0131l\u0131 tak\u0131m, unvan\u0131n\u0131 koruma pe\u015finde&#8230;<\/p>\n<\/section>\n<\/div>\n<div>\n<figure class=\"featured-image view-10 view-md-20 paged\" data-index=\"3\"><a href=\"https:\/\/iaaspr.tmgrup.com.tr\/a210de\/0\/0\/0\/0\/0\/0?u=https:\/\/iaspr.tmgrup.com.tr\/album\/2023\/11\/16\/brezilyayi-salladi-turkiyeye-geliyor-galatasaraydan-bomba-transfer-hamlesi-1700117490029.jpg&amp;mw=836&amp;mh=530&amp;l=1\" class=\"img-link fancybox-effects\"> <span class=\"iconBounce fancy\"\/> <picture> <!--[if IE 9]><video style=\"display:none\"><![endif]--><source srcset=\"https:\/\/iaaspr.tmgrup.com.tr\/a210de\/0\/0\/0\/0\/0\/0?u=https:\/\/iaspr.tmgrup.com.tr\/album\/2023\/11\/16\/brezilyayi-salladi-turkiyeye-geliyor-galatasaraydan-bomba-transfer-hamlesi-1700117490029.jpg&amp;mw=836&amp;mh=530&amp;l=1\" media=\"(min-width: 768px)\"><source srcset=\"https:\/\/iaaspr.tmgrup.com.tr\/ab9985\/0\/0\/0\/0\/0\/0?u=https:\/\/iaspr.tmgrup.com.tr\/album\/2023\/11\/16\/brezilyayi-salladi-turkiyeye-geliyor-galatasaraydan-bomba-transfer-hamlesi-1700117490029.jpg&amp;mw=520&amp;mh=330&amp;l=1\" media=\"(min-width: 576px)\"><!--[if IE 9]><\/video><![endif]--> <img decoding=\"async\" src=\"https:\/\/iaspr.tmgrup.com.tr\/album\/2023\/11\/16\/brezilyayi-salladi-turkiyeye-geliyor-galatasaraydan-bomba-transfer-hamlesi-1700117490029.jpg\" class=\"lazyload\" alt=\"Brezilya\u2019y\u0131 sallad\u0131 T\u00fcrkiye\u2019ye geliyor! Galatasaray\u2019dan bomba transfer hamlesi\"\/>  <\/source><\/source><\/picture> <\/a><\/figure>\n<section class=\"detail-text-content\">\n<p>Aslan ayr\u0131ca Devler Ligi&#8217;nde gruptan \u00e7\u0131karak hem sportif ba\u015far\u0131 hedefliyor hem de transfer d\u00f6neminde cazibe merkezi haline gelmeyi istiyor.<\/p>\n<\/section>\n<\/div>\n<p><script>(function(d,s,id){var js,fjs=d.getElementsByTagName(s)[0];if(d.getElementById(id))return;js=d.createElement(s);js.id=id;js.src=\"https:\/\/connect.facebook.net\/tr_TR\/all.js#xfbml=1&appId=198644300237293\";fjs.parentNode.insertBefore(js,fjs);}(document,'script','facebook-jssdk'));<\/script><\/p>\n","protected":false},"excerpt":{"rendered":"<p>< UEFA \u015eampiyonlar Ligi&#8217;nde gruplardan \u00e7\u0131kmak isteyen ve Trendyol S\u00fcper Lig&#8217;de de \u015fampiyon unvan\u0131n\u0131 korumak\n<\/p>\n","protected":false},"author":1,"featured_media":2426,"comment_status":"open","ping_status":"open","sticky":false,"template":"","format":"standard","meta":{"footnotes":""},"categories":[29],"tags":[],"class_list":["post-2425","post","type-post","status-publish","format-standard","has-post-thumbnail","hentry","category-spor"],"_links":{"self":[{"href":"https:\/\/haberkaradenizim.com\/index.php\/wp-json\/wp\/v2\/posts\/2425","targetHints":{"allow":["GET"]}}],"collection":[{"href":"https:\/\/haberkaradenizim.com\/index.php\/wp-json\/wp\/v2\/posts"}],"about":[{"href":"https:\/\/haberkaradenizim.com\/index.php\/wp-json\/wp\/v2\/types\/post"}],"author":[{"embeddable":true,"href":"https:\/\/haberkaradenizim.com\/index.php\/wp-json\/wp\/v2\/users\/1"}],"replies":[{"embeddable":true,"href":"https:\/\/haberkaradenizim.com\/index.php\/wp-json\/wp\/v2\/comments?post=2425"}],"version-history":[{"count":0,"href":"https:\/\/haberkaradenizim.com\/index.php\/wp-json\/wp\/v2\/posts\/2425\/revisions"}],"wp:featuredmedia":[{"embeddable":true,"href":"https:\/\/haberkaradenizim.com\/index.php\/wp-json\/wp\/v2\/media\/2426"}],"wp:attachment":[{"href":"https:\/\/haberkaradenizim.com\/index.php\/wp-json\/wp\/v2\/media?parent=2425"}],"wp:term":[{"taxonomy":"category","embeddable":true,"href":"https:\/\/haberkaradenizim.com\/index.php\/wp-json\/wp\/v2\/categories?post=2425"},{"taxonomy":"post_tag","embeddable":true,"href":"https:\/\/haberkaradenizim.com\/index.php\/wp-json\/wp\/v2\/tags?post=2425"}],"curies":[{"name":"wp","href":"https:\/\/api.w.org\/{rel}","templated":true}]}}