{"id":2419,"date":"2023-11-14T22:19:00","date_gmt":"2023-11-14T19:19:00","guid":{"rendered":"https:\/\/haberkaradenizim.com\/index.php\/2023\/11\/14\/butce-gorusmelerinden-memurlara-kira-yardimi-karari-cikmali\/"},"modified":"2023-11-14T22:19:00","modified_gmt":"2023-11-14T19:19:00","slug":"butce-gorusmelerinden-memurlara-kira-yardimi-karari-cikmali","status":"publish","type":"post","link":"https:\/\/haberkaradenizim.com\/index.php\/2023\/11\/14\/butce-gorusmelerinden-memurlara-kira-yardimi-karari-cikmali\/","title":{"rendered":"B\u00fct\u00e7e G\u00f6r\u00fc\u015fmelerinden Memurlara Kira Yard\u0131m\u0131 Karar\u0131 \u00c7\u0131kmal\u0131!"},"content":{"rendered":"<div data-text-id=\"30000\" property=\"articleBody\">\n<p><a href=\"https:\/\/www.saglikpersonelihaber.net\/haberleri\" class=\"internal_link\" target=\"_blank\" title=\"\" rel=\"noopener\">Danaba\u015fo\u011fullar\u0131, b\u00fct\u00e7e g\u00f6r\u00fc\u015fmeleri esnas\u0131nda kamu g\u00f6revlilerinin maa\u015flar\u0131, sosyal yard\u0131mlar ve \u00f6zl\u00fck haklar\u0131yla ilgili taleplerde bulundu.<\/p>\n<p><strong>\u0130\u015fte Kamu-Sen\u2019in a\u00e7\u0131klamalar\u0131ndan \u00f6ne \u00e7\u0131kan talepler:<\/strong><\/p>\n<div class=\"post-flash\">\n        <!--\n\n<h3 class=\"post-flash__title\">G&ouml;zden ka&ccedil;&#305;rmay&#305;n<\/h3>\n\n--><br \/>\n                <a href=\"https:\/\/www.saglikpersonelihaber.net\/mahmut-faruk-dogan-uyeden-gelen-uyeye-gidecek\" class=\"post-flash__content\" target=\"_self\" title=\"Mahmut Faruk Do\u011fan: \u00dcyeden gelen \u00fcyeye gidecek!\" style=\"background-color: #A61C1E\" rel=\"noopener\"><br \/>\n            <img loading=\"lazy\" decoding=\"async\" src=\"https:\/\/saglikpersonelihabernet.teimg.com\/crop\/250x150\/saglikpersonelihaber-net\/uploads\/2023\/11\/mahmut-faruk-dogan-uyeden-gelen-ueye-gidecek.jpg\" alt=\"Mahmut Faruk Do\u011fan: \u00dcyeden gelen \u00fcyeye gidecek!\" width=\"231\" height=\"140\" class=\"content-paragraph-image\"\/><br \/>\n            <span class=\"post-flash__heading\"><br \/>\n                <span class=\"post-flash__h4\">Mahmut Faruk Do\u011fan: \u00dcyeden gelen \u00fcyeye gidecek!<\/span><br \/>\n            <\/span><br \/>\n        <\/a>\n            <\/div>\n<p>1. Say\u0131n Cumhurba\u015fkan\u0131m\u0131z\u0131n 5 bin TL verilece\u011fini a\u00e7\u0131klamas\u0131 emeklilerin beklentilerini kar\u015f\u0131lamam\u0131\u015ft\u0131r. Ek \u00f6deme d\u00fczenlemesi emeklilerin taban ayl\u0131\u011f\u0131na yans\u0131t\u0131lmal\u0131, \u00e7al\u0131\u015f\u0131rken ve emekli olduktan sonra aradaki makas\u0131n a\u00e7\u0131lmas\u0131na m\u00fcsaade edilmemelidir.<\/p>\n<p>2. Yard\u0131mc\u0131 hizmetler s\u0131n\u0131f\u0131 \u00e7al\u0131\u015fanlar\u0131n\u0131n genel idari hizmetler s\u0131n\u0131f\u0131na al\u0131nmas\u0131.<\/p>\n<p>3. Verilen s\u00f6zler gere\u011fince birinci dereceye gelen t\u00fcm kamu g\u00f6revlilerinin ek g\u00f6sterge rakamlar\u0131n\u0131n 3600&#8217;e y\u00fckseltilmesi.<\/p>\n<p>4. Ba\u015fta kira yard\u0131m\u0131 olmak \u00fczere \u00fclkemizdeki sosyo-ekonomik yap\u0131ya uygun yeni yard\u0131m kalemlerinin belirlenmesi, mevcut sosyal yard\u0131mlar\u0131n y\u00fckseltilerek kamu \u00e7al\u0131\u015fanlar\u0131n\u0131n ve aile bireylerinin durumlar\u0131na uygun sosyal yard\u0131mlardan etkin bir bi\u00e7imde faydalanmalar\u0131n\u0131n sa\u011flanmas\u0131.<\/p>\n<p>5. Bayram ikramiyesi.<\/p>\n<p>6. M\u00fchendis, avukat, akademisyen, \u015fef, tekniker, teknisyen, ara\u015ft\u0131rmac\u0131lar ve benzer meslek grubu \u00e7al\u0131\u015fanlar\u0131n\u0131n \u00f6zl\u00fck haklar\u0131n\u0131n iyile\u015ftirilmesi.<\/p>\n<p>7. Gelir vergisi oranlar\u0131n\u0131n y\u00fczde 15&#8217;e sabitlenmesi.<\/p>\n<\/p><\/div>\n","protected":false},"excerpt":{"rendered":"<p>Danaba\u015fo\u011fullar\u0131, b\u00fct\u00e7e g\u00f6r\u00fc\u015fmeleri esnas\u0131nda kamu g\u00f6revlilerinin maa\u015flar\u0131, sosyal yard\u0131mlar ve \u00f6zl\u00fck haklar\u0131yla ilgili taleplerde bulundu.<\/p>\n","protected":false},"author":1,"featured_media":2420,"comment_status":"open","ping_status":"open","sticky":false,"template":"","format":"standard","meta":{"footnotes":""},"categories":[27],"tags":[],"class_list":["post-2419","post","type-post","status-publish","format-standard","has-post-thumbnail","hentry","category-saglik"],"_links":{"self":[{"href":"https:\/\/haberkaradenizim.com\/index.php\/wp-json\/wp\/v2\/posts\/2419","targetHints":{"allow":["GET"]}}],"collection":[{"href":"https:\/\/haberkaradenizim.com\/index.php\/wp-json\/wp\/v2\/posts"}],"about":[{"href":"https:\/\/haberkaradenizim.com\/index.php\/wp-json\/wp\/v2\/types\/post"}],"author":[{"embeddable":true,"href":"https:\/\/haberkaradenizim.com\/index.php\/wp-json\/wp\/v2\/users\/1"}],"replies":[{"embeddable":true,"href":"https:\/\/haberkaradenizim.com\/index.php\/wp-json\/wp\/v2\/comments?post=2419"}],"version-history":[{"count":0,"href":"https:\/\/haberkaradenizim.com\/index.php\/wp-json\/wp\/v2\/posts\/2419\/revisions"}],"wp:featuredmedia":[{"embeddable":true,"href":"https:\/\/haberkaradenizim.com\/index.php\/wp-json\/wp\/v2\/media\/2420"}],"wp:attachment":[{"href":"https:\/\/haberkaradenizim.com\/index.php\/wp-json\/wp\/v2\/media?parent=2419"}],"wp:term":[{"taxonomy":"category","embeddable":true,"href":"https:\/\/haberkaradenizim.com\/index.php\/wp-json\/wp\/v2\/categories?post=2419"},{"taxonomy":"post_tag","embeddable":true,"href":"https:\/\/haberkaradenizim.com\/index.php\/wp-json\/wp\/v2\/tags?post=2419"}],"curies":[{"name":"wp","href":"https:\/\/api.w.org\/{rel}","templated":true}]}}