{"id":2417,"date":"2023-11-15T09:52:09","date_gmt":"2023-11-15T06:52:09","guid":{"rendered":"https:\/\/haberkaradenizim.com\/index.php\/2023\/11\/15\/eski-fenerbahceliden-aciklama-son-dakika-super-lig-haberleri\/"},"modified":"2023-11-15T09:52:09","modified_gmt":"2023-11-15T06:52:09","slug":"eski-fenerbahceliden-aciklama-son-dakika-super-lig-haberleri","status":"publish","type":"post","link":"https:\/\/haberkaradenizim.com\/index.php\/2023\/11\/15\/eski-fenerbahceliden-aciklama-son-dakika-super-lig-haberleri\/","title":{"rendered":"Eski Fenerbah\u00e7eliden a\u00e7\u0131klama! &#8211; Son dakika S\u00fcper Lig haberleri"},"content":{"rendered":"<p><<img decoding=\"async\" src=\"https:\/\/iaftm.tmgrup.com.tr\/030dd3\/622\/349\/0\/0\/2048\/1147?u=https:\/\/iftm.tmgrup.com.tr\/2023\/11\/15\/eski-fenerbahceliden-aciklama-1700028368464.jpg\" \/><\/p>\n<div id=\"\">&#13;<br \/>\n&#13;<br \/>\n&#13;<\/p>\n<p><a href=\"https:\/\/www.fotomac.com.tr\/haberleri\/fransa?id=738fb173-28a5-49d9-b550-5026895b8a11\" class=\"\">Fransa<\/a> <a href=\"https:\/\/www.fotomac.com.tr\/haberleri\/ligue-2?id=3a6b56a5-b530-472f-9951-8aab60d920ec\" class=\"\">Ligue 2<\/a> tak\u0131mlar\u0131ndan <a href=\"https:\/\/www.fotomac.com.tr\/haberleri\/amiens?id=4713fd70-cf11-4b62-a4e0-bede1005b456\" class=\"\">Amiens<\/a>&#8216;ten temmuz ay\u0131nda ayr\u0131lan ve \u015fuan herhangi bir tak\u0131mda oynamayan <a href=\"https:\/\/www.fotomac.com.tr\/haberleri\/papiss-cisse?id=0fe1d328-beb0-4ada-b230-76cd7fa94f2f\" class=\"\">Papiss Cisse<\/a>, futbol oynamaya devam etmek istedi\u011fini s\u00f6yledi.<\/p>\n<p>&#13;<br \/>\n&#13;<\/p>\n<p>38 ya\u015f\u0131ndaki Cisse, yapt\u0131\u011f\u0131 a\u00e7\u0131klamada, &#8220;D\u00fcr\u00fcst olmak gerekirse nerede ve ne zaman bilmiyorum ama futbola devam etmek istiyorum. V\u00fccudum ve kalbimle antrenman yap\u0131yorum, futbol oynamak istiyorum&#8221; dedi.<\/p>\n<p>&#13;<br \/>\n&#13;<\/p>\n<p>Senegalli oyuncu, <a href=\"https:\/\/www.fotomac.com.tr\/haberleri\/turkiye?id=14b41a69-5b12-49c6-b6c5-32870ff30d0f\" class=\"\">T\u00fcrkiye<\/a>&#8216;de: <a href=\"https:\/\/www.fotomac.com.tr\/haberleri\/alanyaspor?id=f913401e-016d-4837-8cbd-aadfc3635660\" class=\"\">Alanyaspor<\/a>, <a href=\"https:\/\/www.fotomac.com.tr\/haberleri\/fenerbahce?id=65439000-410e-4c14-94da-0622ac043911\" class=\"\">Fenerbah\u00e7e<\/a> ve <a href=\"https:\/\/www.fotomac.com.tr\/haberleri\/caykur-rizespor?id=277aa26f-70d3-4a76-a04a-294d6c0f6af7\" class=\"\">\u00c7aykur Rizespor<\/a> formalar\u0131 giymi\u015fti.<\/p>\n<p>&#13;<br \/>\n&#13;<br \/>\n&#13;\n                <\/p><\/div>\n","protected":false},"excerpt":{"rendered":"","protected":false},"author":1,"featured_media":2418,"comment_status":"open","ping_status":"open","sticky":false,"template":"","format":"standard","meta":{"footnotes":""},"categories":[29],"tags":[],"class_list":["post-2417","post","type-post","status-publish","format-standard","has-post-thumbnail","hentry","category-spor"],"_links":{"self":[{"href":"https:\/\/haberkaradenizim.com\/index.php\/wp-json\/wp\/v2\/posts\/2417","targetHints":{"allow":["GET"]}}],"collection":[{"href":"https:\/\/haberkaradenizim.com\/index.php\/wp-json\/wp\/v2\/posts"}],"about":[{"href":"https:\/\/haberkaradenizim.com\/index.php\/wp-json\/wp\/v2\/types\/post"}],"author":[{"embeddable":true,"href":"https:\/\/haberkaradenizim.com\/index.php\/wp-json\/wp\/v2\/users\/1"}],"replies":[{"embeddable":true,"href":"https:\/\/haberkaradenizim.com\/index.php\/wp-json\/wp\/v2\/comments?post=2417"}],"version-history":[{"count":0,"href":"https:\/\/haberkaradenizim.com\/index.php\/wp-json\/wp\/v2\/posts\/2417\/revisions"}],"wp:featuredmedia":[{"embeddable":true,"href":"https:\/\/haberkaradenizim.com\/index.php\/wp-json\/wp\/v2\/media\/2418"}],"wp:attachment":[{"href":"https:\/\/haberkaradenizim.com\/index.php\/wp-json\/wp\/v2\/media?parent=2417"}],"wp:term":[{"taxonomy":"category","embeddable":true,"href":"https:\/\/haberkaradenizim.com\/index.php\/wp-json\/wp\/v2\/categories?post=2417"},{"taxonomy":"post_tag","embeddable":true,"href":"https:\/\/haberkaradenizim.com\/index.php\/wp-json\/wp\/v2\/tags?post=2417"}],"curies":[{"name":"wp","href":"https:\/\/api.w.org\/{rel}","templated":true}]}}