{"id":2413,"date":"2023-11-14T21:48:31","date_gmt":"2023-11-14T18:48:31","guid":{"rendered":"https:\/\/haberkaradenizim.com\/index.php\/2023\/11\/14\/as-monaco-anadolu-efes-maci-canli-thy-euroleague-son-dakika-thy-euroleague-haberleri\/"},"modified":"2023-11-14T21:48:31","modified_gmt":"2023-11-14T18:48:31","slug":"as-monaco-anadolu-efes-maci-canli-thy-euroleague-son-dakika-thy-euroleague-haberleri","status":"publish","type":"post","link":"https:\/\/haberkaradenizim.com\/index.php\/2023\/11\/14\/as-monaco-anadolu-efes-maci-canli-thy-euroleague-son-dakika-thy-euroleague-haberleri\/","title":{"rendered":"AS Monaco &#8211; Anadolu Efes ma\u00e7\u0131 CANLI | THY Euroleague &#8211; Son dakika THY EuroLeague haberleri"},"content":{"rendered":"<p><<img decoding=\"async\" src=\"https:\/\/iaftm.tmgrup.com.tr\/79131c\/622\/349\/0\/69\/943\/598?u=https:\/\/iftm.tmgrup.com.tr\/2023\/11\/14\/as-monaco-anadolu-efes-maci-canli-thy-euroleague-1699972243913.jpg\" \/><\/p>\n<div id=\"\">&#13;<br \/>\n&#13;<br \/>\n&#13;<\/p>\n<p><a href=\"https:\/\/www.fotomac.com.tr\/haberleri\/thy-euroleague?id=63898e01-3ffa-4bfd-bce8-38b4449f58b7\" class=\"\">THY EuroLeague<\/a>&#8216;de heyecan 8. hafta m\u00fcsabakalar\u0131 ile devam ediyor. Temsilcimiz <a href=\"https:\/\/www.fotomac.com.tr\/haberleri\/anadolu-efes?id=7a645871-ed28-4b7f-b95d-6f3c94193fae\" class=\"\">Anadolu Efes<\/a>, Fransa&#8217;n\u0131n <a href=\"https:\/\/www.fotomac.com.tr\/haberleri\/as-monaco?id=2aeac4fa-4551-472d-97f4-1cc7baafbe39\" class=\"\">AS Monaco<\/a> tak\u0131m\u0131yla deplasmanda kar\u015f\u0131la\u015f\u0131yor.<\/p>\n<p>&#13;<br \/>\n&#13;<\/p>\n<p>Anadolu Efes, geride kalan 7 haftada 3 galibiyet ve 4 ma\u011flubiyetle 13. s\u0131rada bulunuyor. 4. s\u0131radaki Monaco&#8217;nun ise 5 galibiyet, 2 ma\u011flubiyeti bulunuyor.<\/p>\n<p>&#13;<br \/>\n&#13;<\/p>\n<p>Bu m\u00fccadelenin canl\u0131 skorunu haberimizden takip edebilirsiniz.<\/p>\n<p>&#13;<br \/>\n&#13;<\/p>\n<p><strong><span style=\"background-color:#FFFF00\">CANLI SKOR<\/span><\/strong><\/p>\n<p>&#13;<br \/>\n&#13;<\/p>\n<p><strong>1. \u00c7eyrek: <\/strong>AS<strong> <\/strong>Monaco 25 &#8211; 28 Anadolu Efes<\/p>\n<p>&#13;<br \/>\n&#13;<\/p>\n<p><strong>2. \u00c7eyrek oynan\u0131yor: <\/strong>AS<strong> <\/strong>Monaco 44 &#8211; 48 Anadolu Efes<\/p>\n<p>&#13;<br \/>\n&#13;<\/p>\n<p><strong><span style=\"background-color:#FFCC99\">AS MONACO &#8211; ANADOLU EFES MA\u00c7I NE ZAMAN, SAAT KA\u00c7TA VE HANG\u0130 KANALDA?<\/span><\/strong><\/p>\n<p>&#13;<br \/>\n&#13;<\/p>\n<p>AS Monaco &#8211; Anadolu Efes ma\u00e7\u0131 14 Kas\u0131m Sal\u0131 g\u00fcn\u00fc saat 21.00&#8217;de ba\u015flad\u0131. Kar\u015f\u0131la\u015fma S Sport 2 ve S Sport Plus&#8217;dan canl\u0131 olarak yay\u0131nlan\u0131yor.<\/p>\n<p>&#13;<br \/>\n&#13;<br \/>\n&#13;\n                <\/p><\/div>\n","protected":false},"excerpt":{"rendered":"","protected":false},"author":1,"featured_media":2414,"comment_status":"open","ping_status":"open","sticky":false,"template":"","format":"standard","meta":{"footnotes":""},"categories":[29],"tags":[],"class_list":["post-2413","post","type-post","status-publish","format-standard","has-post-thumbnail","hentry","category-spor"],"_links":{"self":[{"href":"https:\/\/haberkaradenizim.com\/index.php\/wp-json\/wp\/v2\/posts\/2413","targetHints":{"allow":["GET"]}}],"collection":[{"href":"https:\/\/haberkaradenizim.com\/index.php\/wp-json\/wp\/v2\/posts"}],"about":[{"href":"https:\/\/haberkaradenizim.com\/index.php\/wp-json\/wp\/v2\/types\/post"}],"author":[{"embeddable":true,"href":"https:\/\/haberkaradenizim.com\/index.php\/wp-json\/wp\/v2\/users\/1"}],"replies":[{"embeddable":true,"href":"https:\/\/haberkaradenizim.com\/index.php\/wp-json\/wp\/v2\/comments?post=2413"}],"version-history":[{"count":0,"href":"https:\/\/haberkaradenizim.com\/index.php\/wp-json\/wp\/v2\/posts\/2413\/revisions"}],"wp:featuredmedia":[{"embeddable":true,"href":"https:\/\/haberkaradenizim.com\/index.php\/wp-json\/wp\/v2\/media\/2414"}],"wp:attachment":[{"href":"https:\/\/haberkaradenizim.com\/index.php\/wp-json\/wp\/v2\/media?parent=2413"}],"wp:term":[{"taxonomy":"category","embeddable":true,"href":"https:\/\/haberkaradenizim.com\/index.php\/wp-json\/wp\/v2\/categories?post=2413"},{"taxonomy":"post_tag","embeddable":true,"href":"https:\/\/haberkaradenizim.com\/index.php\/wp-json\/wp\/v2\/tags?post=2413"}],"curies":[{"name":"wp","href":"https:\/\/api.w.org\/{rel}","templated":true}]}}