{"id":2411,"date":"2023-11-14T09:54:00","date_gmt":"2023-11-14T06:54:00","guid":{"rendered":"https:\/\/haberkaradenizim.com\/index.php\/2023\/11\/14\/ortopedi-uzmani-hasta-yakini-tarafindan-saldiriya-ugradi\/"},"modified":"2023-11-14T09:54:00","modified_gmt":"2023-11-14T06:54:00","slug":"ortopedi-uzmani-hasta-yakini-tarafindan-saldiriya-ugradi","status":"publish","type":"post","link":"https:\/\/haberkaradenizim.com\/index.php\/2023\/11\/14\/ortopedi-uzmani-hasta-yakini-tarafindan-saldiriya-ugradi\/","title":{"rendered":"Ortopedi Uzman\u0131 Hasta Yak\u0131n\u0131 Taraf\u0131ndan Sald\u0131r\u0131ya U\u011frad\u0131!"},"content":{"rendered":"<div data-text-id=\"29971\" property=\"articleBody\">\n<p><strong><a href=\"https:\/\/www.saglikpersonelihaber.net\/haberleri\" class=\"internal_link\" target=\"_blank\" title=\"\" rel=\"noopener\">\u00dcniversite yetkilileri, konuyla ilgili resmi bir a\u00e7\u0131klama yaparak \u015fu ifadelere yer verdi:<\/strong><\/p>\n<blockquote>\n<p>&#8220;\u00dcniversitemiz T\u0131p Fak\u00fcltesi Hastanesi Ortopedi Poliklini\u011fi&#8217;nde g\u00f6rev yapan doktorumuzun, bir hasta yak\u0131n\u0131 taraf\u0131ndan darp edildi\u011fi haberini \u00fcz\u00fcnt\u00fcyle \u00f6\u011frenmi\u015f bulunmaktay\u0131z. Sald\u0131r\u0131ya maruz kalan meslekta\u015f\u0131m\u0131za, \u00dcniversitemiz ve t\u00fcm sa\u011fl\u0131k \u00e7al\u0131\u015fanlar\u0131 ad\u0131na ge\u00e7mi\u015f olsun dileklerimizi iletiyor, ger\u00e7ekle\u015fen sald\u0131r\u0131y\u0131 \u015fiddetle k\u0131n\u0131yoruz. Sa\u011fl\u0131k \u00e7al\u0131\u015fanlar\u0131m\u0131z, gece g\u00fcnd\u00fcz demeden \u00f6zveriyle g\u00f6revlerini yerine getirmektedir. Bu nedenle, \u015fiddet, hakaret ve benzeri tav\u0131rlarla kar\u015f\u0131la\u015fmalar\u0131 kabul edilemez.&#8221;<\/p>\n<\/blockquote>\n<p>\u00dcniversite y\u00f6netimi, sald\u0131r\u0131y\u0131 ger\u00e7ekle\u015ftiren ki\u015fi hakk\u0131nda adli soru\u015fturma ba\u015flat\u0131ld\u0131\u011f\u0131n\u0131 ve olay\u0131n takip\u00e7isi olacaklar\u0131n\u0131 kamuoyuna bildirdi. Ayr\u0131ca, sa\u011fl\u0131k \u00e7al\u0131\u015fanlar\u0131na y\u00f6nelik \u015fiddetin her t\u00fcrl\u00fcs\u00fcn\u00fcn kar\u015f\u0131s\u0131nda duracaklar\u0131n\u0131 vurgulad\u0131lar.<\/p>\n<div class=\"post-flash\">\n        <!--\n\n<h3 class=\"post-flash__title\">G&ouml;zden ka&ccedil;&#305;rmay&#305;n<\/h3>\n\n--><br \/>\n                <a href=\"https:\/\/www.saglikpersonelihaber.net\/aile-dis-hekimligi-uygulamasi-2024te-20-ile-hayata-geciriliyor\" class=\"post-flash__content\" target=\"_self\" title=\"&quot;Aile Di\u015f Hekimli\u011fi&quot; Uygulamas\u0131 2024'te 20 \u0130le Hayata Ge\u00e7iriliyor!\" style=\"background-color: #1C38A6\" rel=\"noopener\"><br \/>\n            <img loading=\"lazy\" decoding=\"async\" src=\"https:\/\/saglikpersonelihabernet.teimg.com\/crop\/250x150\/saglikpersonelihaber-net\/uploads\/2023\/11\/dis-hekimimligi-uygulamasi.jpg\" alt=\"&quot;Aile Di\u015f Hekimli\u011fi&quot; Uygulamas\u0131 2024'te 20 \u0130le Hayata Ge\u00e7iriliyor!\" width=\"231\" height=\"140\" class=\"content-paragraph-image\"\/><br \/>\n            <span class=\"post-flash__heading\"><br \/>\n                <span class=\"post-flash__h4\">&#8220;Aile Di\u015f Hekimli\u011fi&#8221; Uygulamas\u0131 2024&#8217;te 20 \u0130le Hayata Ge\u00e7iriliyor!<\/span><br \/>\n            <\/span><br \/>\n        <\/a>\n            <\/div>\n<p>Olay\u0131n detaylar\u0131na ili\u015fkin adli s\u00fcrecin devam edece\u011fi belirtilirken, \u00dcniversite y\u00f6netimi, benzer durumlar\u0131n ya\u015fanmamas\u0131 ad\u0131na \u00f6nleyici tedbirler alacaklar\u0131n\u0131 ve sa\u011fl\u0131k \u00e7al\u0131\u015fanlar\u0131n\u0131n g\u00fcvenli\u011fini sa\u011flamak i\u00e7in gerekli ad\u0131mlar\u0131 atacaklar\u0131n\u0131 belirtti.<\/p>\n<\/p><\/div>\n","protected":false},"excerpt":{"rendered":"<p>\u00dcniversite yetkilileri, konuyla ilgili resmi bir a\u00e7\u0131klama yaparak \u015fu ifadelere yer verdi: &#8220;\u00dcniversitemiz T\u0131p Fak\u00fcltesi<\/p>\n","protected":false},"author":1,"featured_media":2412,"comment_status":"open","ping_status":"open","sticky":false,"template":"","format":"standard","meta":{"footnotes":""},"categories":[27],"tags":[],"class_list":["post-2411","post","type-post","status-publish","format-standard","has-post-thumbnail","hentry","category-saglik"],"_links":{"self":[{"href":"https:\/\/haberkaradenizim.com\/index.php\/wp-json\/wp\/v2\/posts\/2411","targetHints":{"allow":["GET"]}}],"collection":[{"href":"https:\/\/haberkaradenizim.com\/index.php\/wp-json\/wp\/v2\/posts"}],"about":[{"href":"https:\/\/haberkaradenizim.com\/index.php\/wp-json\/wp\/v2\/types\/post"}],"author":[{"embeddable":true,"href":"https:\/\/haberkaradenizim.com\/index.php\/wp-json\/wp\/v2\/users\/1"}],"replies":[{"embeddable":true,"href":"https:\/\/haberkaradenizim.com\/index.php\/wp-json\/wp\/v2\/comments?post=2411"}],"version-history":[{"count":0,"href":"https:\/\/haberkaradenizim.com\/index.php\/wp-json\/wp\/v2\/posts\/2411\/revisions"}],"wp:featuredmedia":[{"embeddable":true,"href":"https:\/\/haberkaradenizim.com\/index.php\/wp-json\/wp\/v2\/media\/2412"}],"wp:attachment":[{"href":"https:\/\/haberkaradenizim.com\/index.php\/wp-json\/wp\/v2\/media?parent=2411"}],"wp:term":[{"taxonomy":"category","embeddable":true,"href":"https:\/\/haberkaradenizim.com\/index.php\/wp-json\/wp\/v2\/categories?post=2411"},{"taxonomy":"post_tag","embeddable":true,"href":"https:\/\/haberkaradenizim.com\/index.php\/wp-json\/wp\/v2\/tags?post=2411"}],"curies":[{"name":"wp","href":"https:\/\/api.w.org\/{rel}","templated":true}]}}