{"id":2409,"date":"2023-11-14T09:46:39","date_gmt":"2023-11-14T06:46:39","guid":{"rendered":"https:\/\/haberkaradenizim.com\/index.php\/2023\/11\/14\/tff-yeni-hakem-basvurularinin-basladigini-duyurdu-son-dakika-futbol-haberleri\/"},"modified":"2023-11-14T09:46:39","modified_gmt":"2023-11-14T06:46:39","slug":"tff-yeni-hakem-basvurularinin-basladigini-duyurdu-son-dakika-futbol-haberleri","status":"publish","type":"post","link":"https:\/\/haberkaradenizim.com\/index.php\/2023\/11\/14\/tff-yeni-hakem-basvurularinin-basladigini-duyurdu-son-dakika-futbol-haberleri\/","title":{"rendered":"TFF yeni hakem ba\u015fvurular\u0131n\u0131n ba\u015flad\u0131\u011f\u0131n\u0131 duyurdu &#8211; Son dakika Futbol haberleri"},"content":{"rendered":"<p><<img decoding=\"async\" src=\"https:\/\/iaftm.tmgrup.com.tr\/41525b\/622\/349\/0\/0\/385\/216?u=https:\/\/iftm.tmgrup.com.tr\/2023\/11\/14\/tff-yeni-hakem-basvurularinin-basladigini-duyurdu-1699942770004.jpeg\" \/><\/p>\n<div id=\"\">&#13;<br \/>\n&#13;<br \/>\n&#13;<\/p>\n<p>Son haftalarda <a href=\"https:\/\/www.fotomac.com.tr\/haberleri\/tff-mhk?id=8bd7695d-ff31-4710-a2d1-a7a85c6b9a86\" class=\"\">TFF MHK<\/a> ve hakemlere kar\u015f\u0131 artan tepkilerin ard\u0131ndan federasyondan hamle geldi.<\/p>\n<p>&#13;<\/p>\n<p><a href=\"https:\/\/www.fotomac.com.tr\/haberleri\/tff?id=bf64b003-1929-4a78-b337-00acaee58dc7\" class=\"\">TFF<\/a>, sosyal medya hesab\u0131ndan yeni hakemler arad\u0131\u011f\u0131n\u0131 duyuran bir payla\u015f\u0131m yapt\u0131.<\/p>\n<p>&#13;<\/p>\n<p>TFF&#8217;den yap\u0131lan payla\u015f\u0131mda \u015fu ifadelere yer verildi:<\/p>\n<p>&#13;<\/p>\n<p>&#8220;<a href=\"https:\/\/www.fotomac.com.tr\/haberleri\/turkiye-futbol-federasyonu?id=3160edb3-58eb-4cfb-95c6-53500b9a5e9d\" class=\"\">T\u00fcrkiye Futbol Federasyonu<\/a> Hakem Akademisi, <a href=\"https:\/\/www.fotomac.com.tr\/haberleri\/turkiye?id=14b41a69-5b12-49c6-b6c5-32870ff30d0f\" class=\"\">T\u00fcrkiye<\/a> genelinde aday hakem kurslar\u0131n\u0131 a\u00e7\u0131yor. Hakemlik kariyerine ba\u015flamak isteyen herkesi ba\u015fvuru formunu doldurmaya davet ediyoruz.<\/p>\n<p>&#13;<\/p>\n<p>Kurslar\u0131m\u0131z, &#8220;Online \u0130\u00e7erik Payla\u015f\u0131m\u0131&#8221;, &#8220;\u0130llerde Y\u00fcz Y\u00fcze E\u011fitim ve Kural S\u0131nav\u0131&#8221; ve &#8220;<a href=\"https:\/\/www.fotomac.com.tr\/haberleri\/atletik-performans-testi?id=a6939f81-637d-4e41-8b79-e818cfb98237\" class=\"\">Atletik Performans Testi<\/a>&#8221; olmak \u00fczere 3 a\u015famadan olu\u015facak. Ba\u015far\u0131l\u0131 olan adaylar, aday hakem olarak hakemlik kariyerine ba\u015flayacak.&#8221;<\/p>\n<p>&#13;<br \/>\n&#13;<\/p>\n<blockquote class=\"twitter-tweet\">\n<p lang=\"tr\" dir=\"ltr\"><a href=\"https:\/\/www.fotomac.com.tr\/haberleri\/turkiye-futbol-federasyonu-hakem-akademisi?id=61526243-b228-48eb-a286-e9a00ce3501d\" class=\"\">T\u00fcrkiye Futbol Federasyonu Hakem Akademisi<\/a>, T\u00fcrkiye genelinde aday hakem kurslar\u0131n\u0131 a\u00e7\u0131yor. Hakemlik kariyerine ba\u015flamak isteyen herkesi ba\u015fvuru formunu doldurmaya davet ediyoruz.Kurslar\u0131m\u0131z, &amp;quot;Online \u0130\u00e7erik Payla\u015f\u0131m\u0131&amp;quot;, &amp;quot;\u0130llerde Y\u00fcz Y\u00fcze E\u011fitim ve Kural S\u0131nav\u0131&amp;quot; ve &amp;quot;<a href=\"https:\/\/www.fotomac.com.tr\/haberleri\/atletik?id=921d8437-a81c-4fdb-ba6a-8a4c0aedb5d0\" class=\"\">Atletik<\/a>\u2026<\/p>\n<p>&amp;mdash; TFF (@TFF_Org) <a href=\"https:\/\/twitter.com\/TFF_Org\/status\/1724065696059937018?ref_src=twsrc%5Etfw\">November 13, 2023<\/a><\/p><\/blockquote>\n<p> &#13;<br \/>\n&#13;<br \/>\n&#13;<br \/>\n                            &#13;<br \/>\n&#13;\n                <\/p><\/div>\n<p><script async src=\"\/\/platform.twitter.com\/widgets.js\" charset=\"utf-8\"><\/script><\/p>\n","protected":false},"excerpt":{"rendered":"","protected":false},"author":1,"featured_media":2410,"comment_status":"open","ping_status":"open","sticky":false,"template":"","format":"standard","meta":{"footnotes":""},"categories":[29],"tags":[],"class_list":["post-2409","post","type-post","status-publish","format-standard","has-post-thumbnail","hentry","category-spor"],"_links":{"self":[{"href":"https:\/\/haberkaradenizim.com\/index.php\/wp-json\/wp\/v2\/posts\/2409","targetHints":{"allow":["GET"]}}],"collection":[{"href":"https:\/\/haberkaradenizim.com\/index.php\/wp-json\/wp\/v2\/posts"}],"about":[{"href":"https:\/\/haberkaradenizim.com\/index.php\/wp-json\/wp\/v2\/types\/post"}],"author":[{"embeddable":true,"href":"https:\/\/haberkaradenizim.com\/index.php\/wp-json\/wp\/v2\/users\/1"}],"replies":[{"embeddable":true,"href":"https:\/\/haberkaradenizim.com\/index.php\/wp-json\/wp\/v2\/comments?post=2409"}],"version-history":[{"count":0,"href":"https:\/\/haberkaradenizim.com\/index.php\/wp-json\/wp\/v2\/posts\/2409\/revisions"}],"wp:featuredmedia":[{"embeddable":true,"href":"https:\/\/haberkaradenizim.com\/index.php\/wp-json\/wp\/v2\/media\/2410"}],"wp:attachment":[{"href":"https:\/\/haberkaradenizim.com\/index.php\/wp-json\/wp\/v2\/media?parent=2409"}],"wp:term":[{"taxonomy":"category","embeddable":true,"href":"https:\/\/haberkaradenizim.com\/index.php\/wp-json\/wp\/v2\/categories?post=2409"},{"taxonomy":"post_tag","embeddable":true,"href":"https:\/\/haberkaradenizim.com\/index.php\/wp-json\/wp\/v2\/tags?post=2409"}],"curies":[{"name":"wp","href":"https:\/\/api.w.org\/{rel}","templated":true}]}}