{"id":2399,"date":"2023-11-12T12:25:00","date_gmt":"2023-11-12T09:25:00","guid":{"rendered":"https:\/\/haberkaradenizim.com\/index.php\/2023\/11\/12\/muhalefet-calisma-saatleri-kisalsin-onerisini-tbmmye-tasidi\/"},"modified":"2023-11-12T12:25:00","modified_gmt":"2023-11-12T09:25:00","slug":"muhalefet-calisma-saatleri-kisalsin-onerisini-tbmmye-tasidi","status":"publish","type":"post","link":"https:\/\/haberkaradenizim.com\/index.php\/2023\/11\/12\/muhalefet-calisma-saatleri-kisalsin-onerisini-tbmmye-tasidi\/","title":{"rendered":"Muhalefet \u00c7al\u0131\u015fma saatleri k\u0131sals\u0131n \u00f6nerisini TBMM\u2019ye Ta\u015f\u0131d\u0131!"},"content":{"rendered":"<div data-text-id=\"29923\" property=\"articleBody\">\n<div class=\"post-flash\"><a href=\"https:\/\/www.saglikpersonelihaber.net\/haberleri\" class=\"internal_link\" target=\"_blank\" title=\"\" rel=\"noopener\"><br \/>\n        <!--\n\n<h3 class=\"post-flash__title\">G&ouml;zden ka&ccedil;&#305;rmay&#305;n<\/h3>\n\n--><br \/>\n                <a href=\"https:\/\/www.saglikpersonelihaber.net\/saglik-mudurlugunde-10-kasim-skandali-cig-kofteli-oyun-havali-saygisizlik\" class=\"post-flash__content\" target=\"_self\" title=\"Sa\u011fl\u0131k M\u00fcd\u00fcrl\u00fc\u011f\u00fcnde 10 Kas\u0131m Skandal\u0131! \u00c7i\u011f K\u00f6fteli, Oyun Haval\u0131 Sayg\u0131s\u0131zl\u0131k!\" style=\"background-color: #A61C1E\" rel=\"noopener\"><br \/>\n            <img loading=\"lazy\" decoding=\"async\" src=\"https:\/\/saglikpersonelihabernet.teimg.com\/crop\/250x150\/saglikpersonelihaber-net\/uploads\/2023\/11\/saglik-mudurlugu-10-kasim-sayisizlik.jpg\" alt=\"Sa\u011fl\u0131k M\u00fcd\u00fcrl\u00fc\u011f\u00fcnde 10 Kas\u0131m Skandal\u0131! \u00c7i\u011f K\u00f6fteli, Oyun Haval\u0131 Sayg\u0131s\u0131zl\u0131k!\" width=\"231\" height=\"140\" class=\"content-paragraph-image\"\/><br \/>\n            <span class=\"post-flash__heading\"><br \/>\n                <span class=\"post-flash__h4\">Sa\u011fl\u0131k M\u00fcd\u00fcrl\u00fc\u011f\u00fcnde 10 Kas\u0131m Skandal\u0131! \u00c7i\u011f K\u00f6fteli, Oyun Haval\u0131 Sayg\u0131s\u0131zl\u0131k!<\/span><br \/>\n            <\/span><br \/>\n        <\/a>\n            <\/div>\n<p>Haftal\u0131k \u00e7al\u0131\u015fma s\u00fcresinin 37,5 saate d\u00fc\u015f\u00fcr\u00fclmesine y\u00f6nelik tart\u0131\u015fmalara Sosyal G\u00fcvenlik Ba\u015fuzman\u0131 \u0130sa Karaka\u015f, bu teklifin hayata ge\u00e7irilmesinin zor olabilece\u011fini ifade etti.<\/p>\n<p>\u00c7al\u0131\u015fma ve Sosyal G\u00fcvenlik Bakan\u0131 I\u015f\u0131khan, sosyal g\u00fcvenlik mevzuat\u0131n\u0131 yeni nesil esnek \u00e7al\u0131\u015fma bi\u00e7imlerine uyumlu hale getireceklerini belirtmi\u015fti. Ancak, muhalefetin teklifi \u00fczerine de\u011ferlendirmelerde bulunan Karaka\u015f, &#8220;Maalesef zor&#8221; diyerek gerek\u00e7elerini payla\u015ft\u0131.<\/p>\n<h3>\u00c7ALI\u015eMA SAAT\u0130 KISALIYOR MU?<\/h3>\n<p>T\u00fcrkiye&#8217;de haftal\u0131k \u00e7al\u0131\u015fma s\u00fcresinin 45 saatten 37,5 saate d\u00fc\u015f\u00fcr\u00fclmesi teklifi muhalefet kanad\u0131ndan geldi. Sosyal G\u00fcvenlik Ba\u015fuzman\u0131 \u0130sa Karaka\u015f, sosyal medya \u00fczerinden yapt\u0131\u011f\u0131 payla\u015f\u0131mda, bu teklifin T\u00fcrkiye B\u00fcy\u00fck Millet Meclisi&#8217;ne (TBMM) sunuldu\u011funu duyurdu. Karaka\u015f, &#8220;TBMM&#8217;ye yeni verilen kanun teklifiyle, haftal\u0131k \u00e7al\u0131\u015fma s\u00fcresi gelir kayb\u0131 olmaks\u0131z\u0131n 45 saatten 37,5 saate d\u00fc\u015f\u00fcr\u00fclmesi \u00f6ng\u00f6r\u00fclmektedir&#8221; dedi. Ancak, teklifin muhalefet taraf\u0131ndan verildi\u011fi i\u00e7in zor bir s\u00fcrecin beklendi\u011fine dikkat \u00e7ekti.<\/p>\n<h3>\u201c\u00c7ALI\u015eMA SAATLER\u0130N\u0130 YEN\u0130DEN D\u00dcZENLEMEK ZORUNDAYIZ\u201d<\/h3>\n<p>Bu geli\u015fme, eski \u00c7al\u0131\u015fma ve Sosyal G\u00fcvenlik Bakan\u0131 Vedat Bilgin&#8217;in daha \u00f6nce yapt\u0131\u011f\u0131 a\u00e7\u0131klamalar\u0131 hat\u0131rlat\u0131yor. Bilgin, May\u0131s ay\u0131nda yapt\u0131\u011f\u0131 bir a\u00e7\u0131klamada, haftal\u0131k \u00e7al\u0131\u015fma s\u00fcresinin k\u0131salt\u0131lmas\u0131 gerekti\u011fini belirterek, &#8220;\u00c7al\u0131\u015fma saatlerini yeniden d\u00fczenlemek zorunday\u0131z&#8221; demi\u015fti. Bilgin, \u00e7al\u0131\u015fma saatlerinin modern \u015fartlara uyarlanmas\u0131 ve eme\u011fin verimlili\u011finin dikkate al\u0131narak daha insani \u015fartlarda d\u00fczenlenmesi gerekti\u011fini ifade etmi\u015fti.<\/p>\n<\/p><\/div>\n","protected":false},"excerpt":{"rendered":"<p>Sa\u011fl\u0131k M\u00fcd\u00fcrl\u00fc\u011f\u00fcnde 10 Kas\u0131m Skandal\u0131! \u00c7i\u011f K\u00f6fteli, Oyun Haval\u0131 Sayg\u0131s\u0131zl\u0131k! Haftal\u0131k \u00e7al\u0131\u015fma s\u00fcresinin 37,5 saate<\/p>\n","protected":false},"author":1,"featured_media":2400,"comment_status":"open","ping_status":"open","sticky":false,"template":"","format":"standard","meta":{"footnotes":""},"categories":[27],"tags":[],"class_list":["post-2399","post","type-post","status-publish","format-standard","has-post-thumbnail","hentry","category-saglik"],"_links":{"self":[{"href":"https:\/\/haberkaradenizim.com\/index.php\/wp-json\/wp\/v2\/posts\/2399","targetHints":{"allow":["GET"]}}],"collection":[{"href":"https:\/\/haberkaradenizim.com\/index.php\/wp-json\/wp\/v2\/posts"}],"about":[{"href":"https:\/\/haberkaradenizim.com\/index.php\/wp-json\/wp\/v2\/types\/post"}],"author":[{"embeddable":true,"href":"https:\/\/haberkaradenizim.com\/index.php\/wp-json\/wp\/v2\/users\/1"}],"replies":[{"embeddable":true,"href":"https:\/\/haberkaradenizim.com\/index.php\/wp-json\/wp\/v2\/comments?post=2399"}],"version-history":[{"count":0,"href":"https:\/\/haberkaradenizim.com\/index.php\/wp-json\/wp\/v2\/posts\/2399\/revisions"}],"wp:featuredmedia":[{"embeddable":true,"href":"https:\/\/haberkaradenizim.com\/index.php\/wp-json\/wp\/v2\/media\/2400"}],"wp:attachment":[{"href":"https:\/\/haberkaradenizim.com\/index.php\/wp-json\/wp\/v2\/media?parent=2399"}],"wp:term":[{"taxonomy":"category","embeddable":true,"href":"https:\/\/haberkaradenizim.com\/index.php\/wp-json\/wp\/v2\/categories?post=2399"},{"taxonomy":"post_tag","embeddable":true,"href":"https:\/\/haberkaradenizim.com\/index.php\/wp-json\/wp\/v2\/tags?post=2399"}],"curies":[{"name":"wp","href":"https:\/\/api.w.org\/{rel}","templated":true}]}}