{"id":2397,"date":"2023-11-12T20:00:47","date_gmt":"2023-11-12T17:00:47","guid":{"rendered":"https:\/\/haberkaradenizim.com\/index.php\/2023\/11\/12\/bayer-leverkusen-4-0-union-berlin-mac-sonucu-ozet\/"},"modified":"2023-11-12T20:00:47","modified_gmt":"2023-11-12T17:00:47","slug":"bayer-leverkusen-4-0-union-berlin-mac-sonucu-ozet","status":"publish","type":"post","link":"https:\/\/haberkaradenizim.com\/index.php\/2023\/11\/12\/bayer-leverkusen-4-0-union-berlin-mac-sonucu-ozet\/","title":{"rendered":"Bayer Leverkusen 4 &#8211; 0 Union Berlin MA\u00c7 SONUCU &#8211; \u00d6ZET"},"content":{"rendered":"<p><<img decoding=\"async\" src=\"https:\/\/iaftm.tmgrup.com.tr\/ca06ff\/622\/349\/0\/27\/800\/475?u=https:\/\/iftm.tmgrup.com.tr\/2023\/11\/12\/bayer-leverkusen-4-0-union-berlin-mac-sonucu-ozet-1699806520155.jpeg\" \/><\/p>\n<div id=\"\">&#13;<br \/>\n&#13;<br \/>\n&#13;<\/p>\n<p><a href=\"https:\/\/www.fotomac.com.tr\/haberleri\/almanya-bundesliga?id=8fb454ff-8ea5-4dc5-b4c4-1ca150371bd7\" class=\"\">Almanya Bundesliga<\/a>&#8216;da 11. hafta m\u00fcsabakas\u0131nda Bayer <a href=\"https:\/\/www.fotomac.com.tr\/haberleri\/leverkusen?id=4579828d-bc3a-4031-867c-3520738bc824\" class=\"\">Leverkusen<\/a> evinde <a href=\"https:\/\/www.fotomac.com.tr\/haberleri\/union-berlin?id=104f757e-128b-4928-a6aa-cd24724473ae\" class=\"\">Union Berlin<\/a>&#8216;i konuk etti.<\/p>\n<p>&#13;<br \/>\n&#13;<\/p>\n<p>M\u00fccadele <a href=\"https:\/\/www.fotomac.com.tr\/haberleri\/bayer-leverkusen?id=0ab27e13-f999-4d0b-ba1d-26a7727195e9\" class=\"\">Bayer Leverkusen<\/a>&#8216;in 4-0&#8217;l\u0131k \u00fcst\u00fcnl\u00fc\u011f\u00fc ile noktaland\u0131.<\/p>\n<p>&#13;<br \/>\n&#13;<\/p>\n<p>Kar\u015f\u0131la\u015fmada gol perdesini 23. dakikada <a href=\"https:\/\/www.fotomac.com.tr\/haberleri\/grimaldo?id=2f3ad25e-9e68-4a69-bde5-6c31d6bfa094\" class=\"\">Grimaldo<\/a> a\u00e7arken, 57. dakikada fark\u0131 2&#8217;ye \u00e7\u0131karan gol\u00fc Kossounou kaydetti.<\/p>\n<p>&#13;<br \/>\n&#13;<\/p>\n<p>Ev sahibi ekibin 3. gol\u00fc <a href=\"https:\/\/www.fotomac.com.tr\/haberleri\/jonathan-tah?id=19eadfe4-b6e4-46b2-bb0d-4938e173f759\" class=\"\">Jonathan Tah<\/a>&#8216;dan gelirken, son s\u00f6z\u00fc 83. dakikada <a href=\"https:\/\/www.fotomac.com.tr\/haberleri\/nathan-tella?id=5bbcf5c2-196e-488c-9d11-54737fd15bd2\" class=\"\">Nathan Tella<\/a> s\u00f6yledi.<\/p>\n<p>&#13;<br \/>\n&#13;<\/p>\n<p>Ald\u0131\u011f\u0131 net galibiyetin ard\u0131ndan puan\u0131n\u0131 31 yapan Leverkusen liderlik koltu\u011funa oturdu.<\/p>\n<p>&#13;<br \/>\n&#13;<\/p>\n<p>Bayer Leverkusen deplasman\u0131nda 3 puan b\u0131rakan Union Berlin ise k\u00f6t\u00fc gidi\u015fe dur diyemedi ve 6 puanla son s\u0131rada kald\u0131.<\/p>\n<p>&#13;<br \/>\n&#13;<br \/>\n&#13;\n                <\/p><\/div>\n","protected":false},"excerpt":{"rendered":"","protected":false},"author":1,"featured_media":2398,"comment_status":"open","ping_status":"open","sticky":false,"template":"","format":"standard","meta":{"footnotes":""},"categories":[29],"tags":[],"class_list":["post-2397","post","type-post","status-publish","format-standard","has-post-thumbnail","hentry","category-spor"],"_links":{"self":[{"href":"https:\/\/haberkaradenizim.com\/index.php\/wp-json\/wp\/v2\/posts\/2397","targetHints":{"allow":["GET"]}}],"collection":[{"href":"https:\/\/haberkaradenizim.com\/index.php\/wp-json\/wp\/v2\/posts"}],"about":[{"href":"https:\/\/haberkaradenizim.com\/index.php\/wp-json\/wp\/v2\/types\/post"}],"author":[{"embeddable":true,"href":"https:\/\/haberkaradenizim.com\/index.php\/wp-json\/wp\/v2\/users\/1"}],"replies":[{"embeddable":true,"href":"https:\/\/haberkaradenizim.com\/index.php\/wp-json\/wp\/v2\/comments?post=2397"}],"version-history":[{"count":0,"href":"https:\/\/haberkaradenizim.com\/index.php\/wp-json\/wp\/v2\/posts\/2397\/revisions"}],"wp:featuredmedia":[{"embeddable":true,"href":"https:\/\/haberkaradenizim.com\/index.php\/wp-json\/wp\/v2\/media\/2398"}],"wp:attachment":[{"href":"https:\/\/haberkaradenizim.com\/index.php\/wp-json\/wp\/v2\/media?parent=2397"}],"wp:term":[{"taxonomy":"category","embeddable":true,"href":"https:\/\/haberkaradenizim.com\/index.php\/wp-json\/wp\/v2\/categories?post=2397"},{"taxonomy":"post_tag","embeddable":true,"href":"https:\/\/haberkaradenizim.com\/index.php\/wp-json\/wp\/v2\/tags?post=2397"}],"curies":[{"name":"wp","href":"https:\/\/api.w.org\/{rel}","templated":true}]}}