{"id":2364,"date":"2023-11-07T19:18:00","date_gmt":"2023-11-07T16:18:00","guid":{"rendered":"https:\/\/haberkaradenizim.com\/index.php\/2023\/11\/07\/saglik-bakanligi-2023-surekli-isci-aliminda-brans-ve-kontenjanlar-belli-oldu\/"},"modified":"2023-11-07T19:18:00","modified_gmt":"2023-11-07T16:18:00","slug":"saglik-bakanligi-2023-surekli-isci-aliminda-brans-ve-kontenjanlar-belli-oldu","status":"publish","type":"post","link":"https:\/\/haberkaradenizim.com\/index.php\/2023\/11\/07\/saglik-bakanligi-2023-surekli-isci-aliminda-brans-ve-kontenjanlar-belli-oldu\/","title":{"rendered":"Sa\u011fl\u0131k Bakanl\u0131\u011f\u0131 2023 S\u00fcrekli \u0130\u015f\u00e7i Al\u0131m\u0131nda Bran\u015f Ve Kontenjanlar Belli Oldu!"},"content":{"rendered":"<div data-text-id=\"29765\" property=\"articleBody\">\n<p><a href=\"https:\/\/www.saglikpersonelihaber.net\/haberleri\" class=\"internal_link\" target=\"_blank\" title=\"\" rel=\"noopener\">Sa\u011fl\u0131k Bakanl\u0131\u011f\u0131, 216 engelli i\u015f\u00e7i al\u0131m\u0131 i\u00e7in ba\u015fvurular\u0131n T\u00fcrkiye \u0130\u015f Kurumu (\u0130\u015eKUR) \u00fczerinden al\u0131nd\u0131\u011f\u0131n\u0131 duyurmu\u015ftu. Bu al\u0131mla birlikte temizlik kadrosunda g\u00f6revlendirilecek i\u015f\u00e7ilere y\u00f6nelik de al\u0131mlar bulunmaktad\u0131r.<\/p>\n<p><strong>SA\u011eLIK BAKANLI\u011eI PERSONEL ALIMI KURA TAR\u0130H\u0130<\/strong><\/p>\n<div class=\"post-flash\">\n        <!--\n\n<h3 class=\"post-flash__title\">G&ouml;zden ka&ccedil;&#305;rmay&#305;n<\/h3>\n\n--><br \/>\n                <a href=\"https:\/\/www.saglikpersonelihaber.net\/saglikta-siddeti-onlemek-icin-yeni-bir-adim-bakan-kocadan-gri-kod-uygulamasi\" class=\"post-flash__content\" target=\"_self\" title=\"Sa\u011fl\u0131kta \u015eiddeti \u00d6nlemek \u0130\u00e7in Yeni Bir Ad\u0131m: Bakan Koca'dan 'GR\u0130 KOD UYGULAMASI'\" style=\"background-color: #A61C1E\" rel=\"noopener\"><br \/>\n            <img loading=\"lazy\" decoding=\"async\" src=\"https:\/\/saglikpersonelihabernet.teimg.com\/crop\/250x150\/saglikpersonelihaber-net\/uploads\/2023\/10\/gri-kod.jpg\" alt=\"Sa\u011fl\u0131kta \u015eiddeti \u00d6nlemek \u0130\u00e7in Yeni Bir Ad\u0131m: Bakan Koca'dan 'GR\u0130 KOD UYGULAMASI'\" width=\"231\" height=\"140\" class=\"content-paragraph-image\"\/><br \/>\n            <span class=\"post-flash__heading\"><br \/>\n                <span class=\"post-flash__h4\">Sa\u011fl\u0131kta \u015eiddeti \u00d6nlemek \u0130\u00e7in Yeni Bir Ad\u0131m: Bakan Koca&#8217;dan &#8216;GR\u0130 KOD UYGULAMASI&#8217;<\/span><br \/>\n            <\/span><br \/>\n        <\/a>\n            <\/div>\n<p>Ba\u015fvurular, T\u00fcrkiye \u0130\u015f Kurumu (\u0130\u015eKUR) esube.iskur.gov.tr adresi \u00fczerinden 01.11.2023 &#8211; 06.11.2023 tarihleri aras\u0131nda elektronik (online) kullan\u0131c\u0131 giri\u015fi yap\u0131larak al\u0131nd\u0131. Sa\u011fl\u0131k Bakanl\u0131\u011f\u0131 s\u00fcrekli i\u015f\u00e7i al\u0131m\u0131 kuras\u0131 28 Kas\u0131m tarihinde Ankara&#8217;da yap\u0131lacakt\u0131r.<\/p>\n<p><strong>SA\u011eLIK BAKANLI\u011eI \u0130\u015e\u00c7\u0130 ALIMI YAPILACAK YERLER L\u0130STES\u0130<\/strong><\/p>\n<p>Ardahan (1)<\/p>\n<p>\u00c7anakkale (9)<\/p>\n<p>Denizli (1)<\/p>\n<p>\u0130stanbul (130)<\/p>\n<p>Kastamonu (4)<\/p>\n<p>Kilis (5)<\/p>\n<p>Mardin (7)<\/p>\n<p>Samsun (8)<\/p>\n<p>Sivas (1)<\/p>\n<p>Bilecik (1)<\/p>\n<p>Burdur (4)<\/p>\n<p>Erzurum (6)<\/p>\n<p>G\u00fcm\u00fc\u015fhane (3)<\/p>\n<p>Hakkari (1)<\/p>\n<p>Hatay (8)<\/p>\n<p>Kars (3)<\/p>\n<p>K\u0131rklareli (1)<\/p>\n<p>K\u00fctahya (2)<\/p>\n<p>Malatya (9)<\/p>\n<p>Mu\u011fla (4)<\/p>\n<p>Sakarya (7)<\/p>\n<p>Sinop (1)<\/p>\n<p><strong><a href=\"https:\/\/yhgm.saglik.gov.tr\/\/TR-100414\/2023-yili-engelli-surekli-isci-alim-ilani.html\" rel=\"noopener noreferrer\" target=\"_blank\"><span style=\"color:#000000;\">SA\u011eLIK BAKANLI\u011eI S\u00dcREKL\u0130 \u0130\u015e\u00c7\u0130 ALIMI DETAYLARI \u0130\u00c7\u0130N TIKLAYIN!<\/span><\/a><\/strong><\/p>\n<p><img decoding=\"async\" alt=\"16\" class=\"img-fluid detail-photo\" src=\"https:\/\/saglikpersonelihabernet.teimg.com\/saglikpersonelihaber-net\/uploads\/2023\/11\/16.webp\" style=\"width: 100%\"\/><\/p>\n<p><img decoding=\"async\" alt=\"12-1\" class=\"img-fluid detail-photo\" src=\"https:\/\/saglikpersonelihabernet.teimg.com\/saglikpersonelihaber-net\/uploads\/2023\/11\/12-1.webp\" style=\"width: 100%\"\/><\/p>\n<\/p><\/div>\n","protected":false},"excerpt":{"rendered":"<p>Sa\u011fl\u0131k Bakanl\u0131\u011f\u0131, 216 engelli i\u015f\u00e7i al\u0131m\u0131 i\u00e7in ba\u015fvurular\u0131n T\u00fcrkiye \u0130\u015f Kurumu (\u0130\u015eKUR) \u00fczerinden al\u0131nd\u0131\u011f\u0131n\u0131 duyurmu\u015ftu.<\/p>\n","protected":false},"author":1,"featured_media":2365,"comment_status":"open","ping_status":"open","sticky":false,"template":"","format":"standard","meta":{"footnotes":""},"categories":[27],"tags":[],"class_list":["post-2364","post","type-post","status-publish","format-standard","has-post-thumbnail","hentry","category-saglik"],"_links":{"self":[{"href":"https:\/\/haberkaradenizim.com\/index.php\/wp-json\/wp\/v2\/posts\/2364","targetHints":{"allow":["GET"]}}],"collection":[{"href":"https:\/\/haberkaradenizim.com\/index.php\/wp-json\/wp\/v2\/posts"}],"about":[{"href":"https:\/\/haberkaradenizim.com\/index.php\/wp-json\/wp\/v2\/types\/post"}],"author":[{"embeddable":true,"href":"https:\/\/haberkaradenizim.com\/index.php\/wp-json\/wp\/v2\/users\/1"}],"replies":[{"embeddable":true,"href":"https:\/\/haberkaradenizim.com\/index.php\/wp-json\/wp\/v2\/comments?post=2364"}],"version-history":[{"count":0,"href":"https:\/\/haberkaradenizim.com\/index.php\/wp-json\/wp\/v2\/posts\/2364\/revisions"}],"wp:featuredmedia":[{"embeddable":true,"href":"https:\/\/haberkaradenizim.com\/index.php\/wp-json\/wp\/v2\/media\/2365"}],"wp:attachment":[{"href":"https:\/\/haberkaradenizim.com\/index.php\/wp-json\/wp\/v2\/media?parent=2364"}],"wp:term":[{"taxonomy":"category","embeddable":true,"href":"https:\/\/haberkaradenizim.com\/index.php\/wp-json\/wp\/v2\/categories?post=2364"},{"taxonomy":"post_tag","embeddable":true,"href":"https:\/\/haberkaradenizim.com\/index.php\/wp-json\/wp\/v2\/tags?post=2364"}],"curies":[{"name":"wp","href":"https:\/\/api.w.org\/{rel}","templated":true}]}}