{"id":2358,"date":"2023-11-07T17:30:17","date_gmt":"2023-11-07T14:30:17","guid":{"rendered":"https:\/\/haberkaradenizim.com\/index.php\/2023\/11\/07\/konyaspor-trabzonspor-maci-hazirliklarina-devam-etti-son-dakika-konyaspor-haberleri\/"},"modified":"2023-11-07T17:30:17","modified_gmt":"2023-11-07T14:30:17","slug":"konyaspor-trabzonspor-maci-hazirliklarina-devam-etti-son-dakika-konyaspor-haberleri","status":"publish","type":"post","link":"https:\/\/haberkaradenizim.com\/index.php\/2023\/11\/07\/konyaspor-trabzonspor-maci-hazirliklarina-devam-etti-son-dakika-konyaspor-haberleri\/","title":{"rendered":"Konyaspor Trabzonspor ma\u00e7\u0131 haz\u0131rl\u0131klar\u0131na devam etti &#8211; Son dakika Konyaspor haberleri"},"content":{"rendered":"<p><<img decoding=\"async\" src=\"https:\/\/iaftm.tmgrup.com.tr\/0e2571\/622\/349\/0\/0\/2048\/1150?u=https:\/\/iftm.tmgrup.com.tr\/2023\/11\/07\/konyaspor-trabzonspor-maci-hazirliklarina-devam-etti-1699365374926.jpg\" \/><\/p>\n<div id=\"\">&#13;<br \/>\n&#13;<br \/>\n&#13;<\/p>\n<p><a href=\"https:\/\/www.fotomac.com.tr\/haberleri\/konyaspor?id=8e31f089-4f66-4715-b81a-7e930ef74788\" class=\"\">Konyaspor<\/a>, Trendyol <a href=\"https:\/\/www.fotomac.com.tr\/haberleri\/super-lig?id=9198d716-c5e4-4b0f-84d7-c7955c662dd8\" class=\"\">S\u00fcper Lig<\/a>&#8216;de 12. haftas\u0131nda deplasmanda kar\u015f\u0131la\u015faca\u011f\u0131 <a href=\"https:\/\/www.fotomac.com.tr\/haberleri\/trabzonspor?id=0d51f0e9-2d56-4698-b159-cbdb1b2bf0ea\" class=\"\">Trabzonspor<\/a> ma\u00e7\u0131 haz\u0131rl\u0131klar\u0131na yapt\u0131\u011f\u0131 antrenman ile devam etti.<\/p>\n<p>&#13;<\/p>\n<p>Teknik Direkt\u00f6r <a href=\"https:\/\/www.fotomac.com.tr\/haberleri\/hakan-keles?id=e6aeed82-6ced-4aa4-b3f2-7329e7e58df2\" class=\"\">Hakan Kele\u015f<\/a> y\u00f6netiminde <a href=\"https:\/\/www.fotomac.com.tr\/haberleri\/kayacik-tesisleri?id=be55756a-7fc1-4e31-a13e-488cd6285c94\" class=\"\">Kayac\u0131k Tesisleri<\/a>&#8216;nde yap\u0131lan antrenman, ko\u015fu-\u0131s\u0131nma hareketleri ve 5&#8217;e 2 ile ba\u015flad\u0131. Savunma-h\u00fccum organizasyonlar\u0131 ve gol \u00e7al\u0131\u015fmas\u0131 ger\u00e7ekle\u015ftirilen antrenman, \u00e7ift kale ma\u00e7 ile sona erdi. Ye\u015fil-beyazl\u0131lar, yar\u0131n yapaca\u011f\u0131 antrenman ile haz\u0131rl\u0131klar\u0131na devam edecek.<\/p>\n<p>&#13;<br \/>\n&#13;<br \/>\n&#13;<br \/>\n&#13;<br \/>\n&#13;\n                <\/p><\/div>\n","protected":false},"excerpt":{"rendered":"","protected":false},"author":1,"featured_media":2359,"comment_status":"open","ping_status":"open","sticky":false,"template":"","format":"standard","meta":{"footnotes":""},"categories":[29],"tags":[],"class_list":["post-2358","post","type-post","status-publish","format-standard","has-post-thumbnail","hentry","category-spor"],"_links":{"self":[{"href":"https:\/\/haberkaradenizim.com\/index.php\/wp-json\/wp\/v2\/posts\/2358","targetHints":{"allow":["GET"]}}],"collection":[{"href":"https:\/\/haberkaradenizim.com\/index.php\/wp-json\/wp\/v2\/posts"}],"about":[{"href":"https:\/\/haberkaradenizim.com\/index.php\/wp-json\/wp\/v2\/types\/post"}],"author":[{"embeddable":true,"href":"https:\/\/haberkaradenizim.com\/index.php\/wp-json\/wp\/v2\/users\/1"}],"replies":[{"embeddable":true,"href":"https:\/\/haberkaradenizim.com\/index.php\/wp-json\/wp\/v2\/comments?post=2358"}],"version-history":[{"count":0,"href":"https:\/\/haberkaradenizim.com\/index.php\/wp-json\/wp\/v2\/posts\/2358\/revisions"}],"wp:featuredmedia":[{"embeddable":true,"href":"https:\/\/haberkaradenizim.com\/index.php\/wp-json\/wp\/v2\/media\/2359"}],"wp:attachment":[{"href":"https:\/\/haberkaradenizim.com\/index.php\/wp-json\/wp\/v2\/media?parent=2358"}],"wp:term":[{"taxonomy":"category","embeddable":true,"href":"https:\/\/haberkaradenizim.com\/index.php\/wp-json\/wp\/v2\/categories?post=2358"},{"taxonomy":"post_tag","embeddable":true,"href":"https:\/\/haberkaradenizim.com\/index.php\/wp-json\/wp\/v2\/tags?post=2358"}],"curies":[{"name":"wp","href":"https:\/\/api.w.org\/{rel}","templated":true}]}}