{"id":2356,"date":"2023-11-07T08:24:00","date_gmt":"2023-11-07T05:24:00","guid":{"rendered":"https:\/\/haberkaradenizim.com\/index.php\/2023\/11\/07\/devlet-memurlari-hangi-durumda-eyt-kapsamina-girer\/"},"modified":"2023-11-07T08:24:00","modified_gmt":"2023-11-07T05:24:00","slug":"devlet-memurlari-hangi-durumda-eyt-kapsamina-girer","status":"publish","type":"post","link":"https:\/\/haberkaradenizim.com\/index.php\/2023\/11\/07\/devlet-memurlari-hangi-durumda-eyt-kapsamina-girer\/","title":{"rendered":"Devlet Memurlar\u0131 Hangi Durumda EYT Kapsam\u0131na Girer?"},"content":{"rendered":"<div data-text-id=\"29749\" property=\"articleBody\">\n<p><a href=\"https:\/\/www.saglikpersonelihaber.net\/haberleri\" class=\"internal_link\" target=\"_blank\" title=\"\" rel=\"noopener\">\u00d6ncelikle belirtmek gerekir ki, EYT kapsam\u0131nda olabilmek i\u00e7in 8 Eyl\u00fcl 1999 tarihinden \u00f6nce SSK, Ba\u011f-Kur veya devlet memuru olarak hizmeti olmas\u0131 gerekmektedir. Herhangi bir stat\u00fcde \u00e7al\u0131\u015fmaya ba\u015flad\u0131\u011f\u0131 tarih 9 Eyl\u00fcl 1999 ve sonras\u0131 olan bir devlet memurunun, sigortal\u0131l\u0131k ba\u015flang\u0131\u00e7 tarihini 8 Eyl\u00fcl 1999 \u00f6ncesine \u00e7ekmek i\u00e7in bor\u00e7lanma yapmas\u0131, bu ki\u015finin EYT kapsam\u0131nda oldu\u011fu anlam\u0131na gelmemektedir. \u00d6zetle, 8 Eyl\u00fcl 1999 tarihinden \u00f6nce mutlaka bir \u015fekilde sigortal\u0131 olarak \u00e7al\u0131\u015fm\u0131\u015f olunmas\u0131 gerekmektedir.<\/p>\n<p>Yani Enver \u00d6. gibi bir ki\u015fi, 8 Eyl\u00fcl 1999 tarihinden \u00f6nce SSK hizmeti bulundu\u011fu i\u00e7in EYT kapsam\u0131nda de\u011ferlendirilebilir. Ancak, sadece devlet memuru olarak May\u0131s 2008&#8217;de g\u00f6reve ba\u015flam\u0131\u015f olmas\u0131 EYT&#8217;li oldu\u011fu anlam\u0131na gelmez. 8 Eyl\u00fcl 1999 \u00f6ncesi SSK hizmeti olmas\u0131, bu konuda belirleyici bir fakt\u00f6rd\u00fcr.<\/p>\n<p>Devlet memurlar\u0131 i\u00e7in EYT kapsam\u0131nda emekli ayl\u0131\u011f\u0131na hak kazanma ve ayl\u0131klar\u0131n hesaplanmas\u0131 da genel ko\u015fullara tabidir. Ancak, temel \u015fart bu tarih s\u0131n\u0131rlamas\u0131d\u0131r.<\/p>\n<p>Devlet memurlar\u0131 ve EYT konusu hakk\u0131nda daha fazla bilgi almak i\u00e7in resmi kaynaklardan ve uzman g\u00f6r\u00fc\u015flerinden yararlanman\u0131z \u00f6nemlidir.<\/p>\n<p>Buna g\u00f6re devlet memurunun 8 Eyl\u00fcl 1999 \u00f6ncesi SSK veya Ba\u011f-Kur kapsam\u0131nda hizmeti bulunmas\u0131 ve ilk defa devlet memuru oldu\u011fu 30\/4\/2008 tarihinden sonra (1\/5\/2008 tarihinden itibaren) olmas\u0131 halinde bu devlet memurlar\u0131;<\/p>\n<p><strong>&#8211; EYT kapsam\u0131nda say\u0131l\u0131yorlar.<\/strong><\/p>\n<p>&#8211; Emekli ayl\u0131\u011f\u0131na hak kazanma ko\u015fullar\u0131 (ya\u015f ko\u015fulu aranmaks\u0131z\u0131n erkeklerde 9 bin g\u00fcn, kad\u0131nlarda 7 bin 200 g\u00fcn\u00fcn\u00fcn bulunmas\u0131) ve emekli ayl\u0131\u011f\u0131n\u0131n hesaplanmas\u0131 y\u00f6n\u00fcnden 5434 say\u0131l\u0131 kanun h\u00fck\u00fcmlerine tabiler.<\/p>\n<p>&#8211; Devlet memurlu\u011funa ba\u015flama tarihi 15\/10\/2008 sonras\u0131 ise emekli ayl\u0131\u011f\u0131na hak kazanma ko\u015fullar\u0131 y\u00f6n\u00fcnden 5434 say\u0131l\u0131 kanuna, ya\u015fl\u0131l\u0131k ayl\u0131\u011f\u0131n\u0131n hesaplanmas\u0131 y\u00f6n\u00fcnden 5510 say\u0131l\u0131 kanun h\u00fck\u00fcmlerine tabi oluyorlar.<\/p>\n<div class=\"post-flash\">\n        <!--\n\n<h3 class=\"post-flash__title\">G&ouml;zden ka&ccedil;&#305;rmay&#305;n<\/h3>\n\n--><br \/>\n                <a href=\"https:\/\/www.saglikpersonelihaber.net\/bakan-kocanin-ibb-adayligina-cumhurbaskani-erdogandan-veto\" class=\"post-flash__content\" target=\"_self\" title=\"Bakan Koca\u2019n\u0131n \u0130BB Adayl\u0131\u011f\u0131na Cumhurba\u015fkan\u0131 Erdo\u011fan\u2019dan Veto!\" style=\"background-color: #1C38A6\" rel=\"noopener\"><br \/>\n            <img loading=\"lazy\" decoding=\"async\" src=\"https:\/\/saglikpersonelihabernet.teimg.com\/crop\/250x150\/saglikpersonelihaber-net\/uploads\/2023\/11\/cumhurbaskanindan-veto.jpg\" alt=\"Bakan Koca\u2019n\u0131n \u0130BB Adayl\u0131\u011f\u0131na Cumhurba\u015fkan\u0131 Erdo\u011fan\u2019dan Veto!\" width=\"231\" height=\"140\" class=\"content-paragraph-image\"\/><br \/>\n            <span class=\"post-flash__heading\"><br \/>\n                <span class=\"post-flash__h4\">Bakan Koca\u2019n\u0131n \u0130BB Adayl\u0131\u011f\u0131na Cumhurba\u015fkan\u0131 Erdo\u011fan\u2019dan Veto!<\/span><br \/>\n            <\/span><br \/>\n        <\/a>\n            <\/div>\n<p>\u00d6te yandan sigortal\u0131lar\u0131n SSK kapsam\u0131nda 18 ya\u015f\u0131n alt\u0131nda ge\u00e7en hizmetleri 2829 say\u0131l\u0131 kanuna g\u00f6re hizmet birle\u015ftirmesi kapsam\u0131nda olup, 18 ya\u015f alt\u0131 hizmetler prim \u00f6deme g\u00fcn say\u0131lar\u0131na ilave ediliyor. Dolay\u0131s\u0131yla sigortal\u0131lar\u0131n 8 Eyl\u00fcl 1999 \u00f6ncesi 18 ya\u015f alt\u0131ndaki hizmetleri EYT kapsam\u0131na girmeleri y\u00f6n\u00fcnden dikkate al\u0131n\u0131yor.<\/p>\n<p>Di\u011fer taraftan, ba\u015fka bir stat\u00fcde hizmeti olmay\u0131p, ilk defa devlet memuru olarak \u00e7al\u0131\u015fmaya ba\u015flad\u0131\u011f\u0131 tarih;<\/p>\n<p>&#8211; 1\/5\/2008 ve sonras\u0131 olanlar EYT kapsam\u0131nda olmay\u0131p, ya\u015fl\u0131l\u0131k ayl\u0131\u011f\u0131na hak kazanma ko\u015fullar\u0131 y\u00f6n\u00fcnden 5510\/28. maddeye (kad\u0131n 58, erkek 60 ya\u015f ve 9 bin g\u00fcn veya kad\u0131n 61, erkek 63 ya\u015f ve 5400 g\u00fcn), ya\u015fl\u0131l\u0131k ayl\u0131\u011f\u0131n\u0131n hesab\u0131nda 5434 say\u0131l\u0131 kanun h\u00fck\u00fcmlerine tabiler.<\/p>\n<p>&#8211; 2008\/Ekim sonras\u0131 yani 15\/10\/2008 sonras\u0131 olanlar ise gerek ya\u015fl\u0131l\u0131k ayl\u0131\u011f\u0131na hak kazanma gerekse ya\u015fl\u0131l\u0131k ayl\u0131\u011f\u0131n\u0131n hesaplanmas\u0131 y\u00f6n\u00fcnden 5510 say\u0131l\u0131 kanun h\u00fck\u00fcmlerine tabi oluyorlar.<\/p>\n<p><strong>AYLI\u011eIMDAN KES\u0130NT\u0130 YAPILIR MI?<\/strong><\/p>\n<p>Soru: \u00dcniversite t\u0131p fak\u00fcltesi hastanesinden 67 ya\u015f\u0131nda ya\u015f haddinden profes\u00f6r doktor olarak emekli oldum. \u00d6zel hastanede kadro d\u0131\u015f\u0131 ge\u00e7ici g\u00f6revli olarak \u00e7al\u0131\u015faca\u011f\u0131m. Emekli maa\u015f\u0131mdan kesinti olur mu? Herhangi bir \u015firket ortakl\u0131\u011f\u0131nda (sa\u011fl\u0131k d\u0131\u015f\u0131 \u015firket ortakl\u0131\u011f\u0131 da olabilir) yine kesinti yap\u0131l\u0131yor mu? Prof. Dr. Meral K. \u00dc.<\/p>\n<p><strong>Devlet memuru emeklilerin emeklilik sonras\u0131;<\/strong><\/p>\n<p>&#8211; \u00d6zel sekt\u00f6rde \u00e7al\u0131\u015fmas\u0131 halinde, (4\/a kapsam\u0131nda yani SSK\u2019li olarak) emekli ayl\u0131\u011f\u0131 kesilmez. Ancak, emeklilik sonras\u0131 \u00e7al\u0131\u015fmalara ili\u015fkin prime esas kazan\u00e7lar \u00fczerinden sosyal g\u00fcvenlik destek primi (SGDP) kesilir. SGDP\u2019ye tabi hizmetler emekli ayl\u0131\u011f\u0131n\u0131n yeniden hesaplanmas\u0131nda dikkate al\u0131nmaz. Yani, emekli ayl\u0131\u011f\u0131n\u0131n miktar\u0131n\u0131 de\u011fi\u015ftirmez. SGDP, i\u015fyerinde i\u015f kazas\u0131 ge\u00e7irilmesi veya meslek hastal\u0131\u011f\u0131na tutulma halinde bu sigorta kolundan gerekli yard\u0131mlar\u0131n yap\u0131lmas\u0131n\u0131 sa\u011flar.<\/p>\n<p>&#8211; \u015eirket orta\u011f\u0131 olmas\u0131 halinde (sa\u011fl\u0131k veya sa\u011fl\u0131k d\u0131\u015f\u0131 sekt\u00f6r \u015firket ortakl\u0131\u011f\u0131) yine emekli ayl\u0131\u011f\u0131 kesilmez. \u015eirket ortakl\u0131\u011f\u0131 4\/b yani Ba\u011f-Kur kapsam\u0131nda sigortal\u0131 olmay\u0131 gerektirmekle birlikte emeklilik sonras\u0131 Ba\u011f-Kur kapsam\u0131nda say\u0131lan bir faaliyette bulunulmas\u0131 halinde, emekli kendisi istemedi\u011fi s\u00fcrece 5510 say\u0131l\u0131 kanun kapsam\u0131nda sigortal\u0131 say\u0131lmaz ve bu kapsamda prim \u00f6demez. Emeklinin Ba\u011f-Kur kapsam\u0131nda sigortal\u0131 say\u0131lmas\u0131n\u0131 ve ayl\u0131\u011f\u0131n\u0131n kesilmesini talep etmesi halinde ise emekli ayl\u0131\u011f\u0131 kesilir ve hakk\u0131nda t\u00fcm sigorta kollar\u0131 uygulan\u0131r.<\/p>\n<\/p><\/div>\n","protected":false},"excerpt":{"rendered":"<p>\u00d6ncelikle belirtmek gerekir ki, EYT kapsam\u0131nda olabilmek i\u00e7in 8 Eyl\u00fcl 1999 tarihinden \u00f6nce SSK, Ba\u011f-Kur<\/p>\n","protected":false},"author":1,"featured_media":2357,"comment_status":"open","ping_status":"open","sticky":false,"template":"","format":"standard","meta":{"footnotes":""},"categories":[27],"tags":[],"class_list":["post-2356","post","type-post","status-publish","format-standard","has-post-thumbnail","hentry","category-saglik"],"_links":{"self":[{"href":"https:\/\/haberkaradenizim.com\/index.php\/wp-json\/wp\/v2\/posts\/2356","targetHints":{"allow":["GET"]}}],"collection":[{"href":"https:\/\/haberkaradenizim.com\/index.php\/wp-json\/wp\/v2\/posts"}],"about":[{"href":"https:\/\/haberkaradenizim.com\/index.php\/wp-json\/wp\/v2\/types\/post"}],"author":[{"embeddable":true,"href":"https:\/\/haberkaradenizim.com\/index.php\/wp-json\/wp\/v2\/users\/1"}],"replies":[{"embeddable":true,"href":"https:\/\/haberkaradenizim.com\/index.php\/wp-json\/wp\/v2\/comments?post=2356"}],"version-history":[{"count":0,"href":"https:\/\/haberkaradenizim.com\/index.php\/wp-json\/wp\/v2\/posts\/2356\/revisions"}],"wp:featuredmedia":[{"embeddable":true,"href":"https:\/\/haberkaradenizim.com\/index.php\/wp-json\/wp\/v2\/media\/2357"}],"wp:attachment":[{"href":"https:\/\/haberkaradenizim.com\/index.php\/wp-json\/wp\/v2\/media?parent=2356"}],"wp:term":[{"taxonomy":"category","embeddable":true,"href":"https:\/\/haberkaradenizim.com\/index.php\/wp-json\/wp\/v2\/categories?post=2356"},{"taxonomy":"post_tag","embeddable":true,"href":"https:\/\/haberkaradenizim.com\/index.php\/wp-json\/wp\/v2\/tags?post=2356"}],"curies":[{"name":"wp","href":"https:\/\/api.w.org\/{rel}","templated":true}]}}