{"id":2354,"date":"2023-11-07T05:28:30","date_gmt":"2023-11-07T02:28:30","guid":{"rendered":"https:\/\/haberkaradenizim.com\/index.php\/2023\/11\/07\/getafe-1-0-cadiz-mac-sonucu-ozet-son-dakika-ispanya-la-liga-haberleri\/"},"modified":"2023-11-07T05:28:30","modified_gmt":"2023-11-07T02:28:30","slug":"getafe-1-0-cadiz-mac-sonucu-ozet-son-dakika-ispanya-la-liga-haberleri","status":"publish","type":"post","link":"https:\/\/haberkaradenizim.com\/index.php\/2023\/11\/07\/getafe-1-0-cadiz-mac-sonucu-ozet-son-dakika-ispanya-la-liga-haberleri\/","title":{"rendered":"Getafe 1 &#8211; 0 Cadiz MA\u00c7 SONUCU &#8211; \u00d6ZET &#8211; Son dakika \u0130spanya La Liga haberleri"},"content":{"rendered":"<p><<img decoding=\"async\" src=\"https:\/\/iaftm.tmgrup.com.tr\/3f9860\/622\/349\/0\/0\/720\/403?u=https:\/\/iftm.tmgrup.com.tr\/2023\/11\/07\/getafe-1-0-cadiz-mac-sonucu-ozet-1699309222914.png\" \/><\/p>\n<div id=\"\">&#13;<br \/>\n&#13;<br \/>\n&#13;<\/p>\n<p><a href=\"https:\/\/www.fotomac.com.tr\/haberleri\/ispanya-la-liga?id=670591e5-2b57-4571-b8f7-19302ef2f469\" class=\"\">\u0130spanya La Liga<\/a>&#8216;da 12. hafta kar\u015f\u0131la\u015fmas\u0131nda <a href=\"https:\/\/www.fotomac.com.tr\/haberleri\/getafe?id=4d53521d-1265-4712-bf4f-7d15088f90d1\" class=\"\">Getafe<\/a> sahas\u0131nda Cadiz&#8217;i konuk etti.<\/p>\n<p>&#13;<br \/>\n&#13;<\/p>\n<p>Ev sahibi tak\u0131m 10 ki\u015fi kald\u0131\u011f\u0131 ma\u00e7ta rakibini 76. dakikada Borja Mayoral&#8217;in att\u0131\u011f\u0131 golle 1-0 ma\u011flup etti.<\/p>\n<p>&#13;<br \/>\n&#13;<\/p>\n<p>Bu sonucun ard\u0131ndan Getafe puan\u0131n\u0131 15 yapt\u0131.<\/p>\n<p>&#13;<br \/>\n&#13;<\/p>\n<p>Cadiz ise 10 puanda kald\u0131.<\/p>\n<p>&#13;<br \/>\n&#13;<br \/>\n&#13;\n                <\/p><\/div>\n","protected":false},"excerpt":{"rendered":"","protected":false},"author":1,"featured_media":2355,"comment_status":"open","ping_status":"open","sticky":false,"template":"","format":"standard","meta":{"footnotes":""},"categories":[29],"tags":[],"class_list":["post-2354","post","type-post","status-publish","format-standard","has-post-thumbnail","hentry","category-spor"],"_links":{"self":[{"href":"https:\/\/haberkaradenizim.com\/index.php\/wp-json\/wp\/v2\/posts\/2354","targetHints":{"allow":["GET"]}}],"collection":[{"href":"https:\/\/haberkaradenizim.com\/index.php\/wp-json\/wp\/v2\/posts"}],"about":[{"href":"https:\/\/haberkaradenizim.com\/index.php\/wp-json\/wp\/v2\/types\/post"}],"author":[{"embeddable":true,"href":"https:\/\/haberkaradenizim.com\/index.php\/wp-json\/wp\/v2\/users\/1"}],"replies":[{"embeddable":true,"href":"https:\/\/haberkaradenizim.com\/index.php\/wp-json\/wp\/v2\/comments?post=2354"}],"version-history":[{"count":0,"href":"https:\/\/haberkaradenizim.com\/index.php\/wp-json\/wp\/v2\/posts\/2354\/revisions"}],"wp:featuredmedia":[{"embeddable":true,"href":"https:\/\/haberkaradenizim.com\/index.php\/wp-json\/wp\/v2\/media\/2355"}],"wp:attachment":[{"href":"https:\/\/haberkaradenizim.com\/index.php\/wp-json\/wp\/v2\/media?parent=2354"}],"wp:term":[{"taxonomy":"category","embeddable":true,"href":"https:\/\/haberkaradenizim.com\/index.php\/wp-json\/wp\/v2\/categories?post=2354"},{"taxonomy":"post_tag","embeddable":true,"href":"https:\/\/haberkaradenizim.com\/index.php\/wp-json\/wp\/v2\/tags?post=2354"}],"curies":[{"name":"wp","href":"https:\/\/api.w.org\/{rel}","templated":true}]}}