{"id":2297,"date":"2023-08-23T10:23:00","date_gmt":"2023-08-23T07:23:00","guid":{"rendered":"https:\/\/haberkaradenizim.com\/index.php\/2023\/08\/23\/toplu-sozlesmeler-artik-iki-yilda-bir-degil-her-yil-yapilmalidir\/"},"modified":"2023-08-23T10:23:00","modified_gmt":"2023-08-23T07:23:00","slug":"toplu-sozlesmeler-artik-iki-yilda-bir-degil-her-yil-yapilmalidir","status":"publish","type":"post","link":"https:\/\/haberkaradenizim.com\/index.php\/2023\/08\/23\/toplu-sozlesmeler-artik-iki-yilda-bir-degil-her-yil-yapilmalidir\/","title":{"rendered":"Toplu S\u00f6zle\u015fmeler Art\u0131k \u0130ki Y\u0131lda Bir De\u011fil, Her Y\u0131l Yap\u0131lmal\u0131d\u0131r!"},"content":{"rendered":"<div data-text-id=\"26971\" property=\"articleBody\">\n<p><a href=\"https:\/\/www.saglikpersonelihaber.net\/haberleri\" class=\"internal_link\" target=\"_blank\" title=\"\" rel=\"noopener\">Genel Ba\u015fkan \u00c7akmak, &#8220;Art\u0131k iki y\u0131lda bir de\u011fil, toplu s\u00f6zle\u015fmeler y\u0131lda bir kez yap\u0131lmal\u0131. D\u00f6viz ve enflasyon oranlar\u0131n\u0131n saatler i\u00e7inde de\u011fi\u015fti\u011fi bir d\u00f6nemde, maa\u015f art\u0131\u015flar\u0131n\u0131n iki y\u0131lda bir g\u00fcncellenmesi yeterli olmamal\u0131.&#8221; ifadelerini kulland\u0131.<\/p>\n<p>Genel Ba\u015fkan Erdo\u011fan \u00c7akmak, ANKA HABER ajans\u0131n\u0131n \u00c7al\u0131\u015fma Bakanl\u0131\u011f\u0131 \u00f6n\u00fcndeki bas\u0131n a\u00e7\u0131klamas\u0131nda yapt\u0131\u011f\u0131 bu a\u00e7\u0131klamalarla, toplu s\u00f6zle\u015fme g\u00f6r\u00fc\u015fmeleri konusundaki tepkisini dile getirdi. \u00c7akmak, yapm\u0131\u015f oldu\u011fu a\u00e7\u0131klaman\u0131n tam metnini H\u00fcrriyet Sa\u011fl\u0131k-Sen Youtube kanal\u0131nda bulabilece\u011finizi belirtti.<\/p>\n<div class=\"post-flash\">\n        <!--\n\n<h3 class=\"post-flash__title\">G&ouml;zden ka&ccedil;&#305;rmay&#305;n<\/h3>\n\n--><br \/>\n                <a href=\"https:\/\/www.saglikpersonelihaber.net\/hekim-cocuklari-kresi-tamamlanmak-uzere\" class=\"post-flash__content\" target=\"_self\" title=\"Hekim \u00e7ocuklar\u0131 kre\u015fi tamamlanmak \u00fczere\" style=\"background-color: #A61C1E\" rel=\"noopener\"><br \/>\n            <img loading=\"lazy\" decoding=\"async\" src=\"https:\/\/saglikpersonelihabernet.teimg.com\/crop\/250x150\/saglikpersonelihaber-net\/uploads\/2023\/08\/hekim-cocuklari-kresi.jpg\" alt=\"Hekim \u00e7ocuklar\u0131 kre\u015fi tamamlanmak \u00fczere\" width=\"231\" height=\"140\" class=\"content-paragraph-image\"\/><br \/>\n            <span class=\"post-flash__heading\"><br \/>\n                <span class=\"post-flash__h4\">Hekim \u00e7ocuklar\u0131 kre\u015fi tamamlanmak \u00fczere<\/span><br \/>\n            <\/span><br \/>\n        <\/a>\n            <\/div>\n<p>Toplu s\u00f6zle\u015fmelerin s\u0131kl\u0131\u011f\u0131 ve i\u00e7eri\u011fi, \u00e7al\u0131\u015fanlar i\u00e7in b\u00fcy\u00fck bir \u00f6neme sahip oldu\u011fu kadar, \u00fclke ekonomisi a\u00e7\u0131s\u0131ndan da etkili olan konulardand\u0131r. Genel Ba\u015fkan \u00c7akmak&#8217;\u0131n bu \u00e7\u0131k\u0131\u015f\u0131, toplu s\u00f6zle\u015fme s\u00fcre\u00e7lerinin nas\u0131l \u015fekillenmesi gerekti\u011fi konusundaki tart\u0131\u015fmalar\u0131 da g\u00fcndeme getiriyor.<\/p>\n<\/p><\/div>\n","protected":false},"excerpt":{"rendered":"<p>Genel Ba\u015fkan \u00c7akmak, &#8220;Art\u0131k iki y\u0131lda bir de\u011fil, toplu s\u00f6zle\u015fmeler y\u0131lda bir kez yap\u0131lmal\u0131. D\u00f6viz<\/p>\n","protected":false},"author":1,"featured_media":2298,"comment_status":"open","ping_status":"open","sticky":false,"template":"","format":"standard","meta":{"footnotes":""},"categories":[27],"tags":[],"class_list":["post-2297","post","type-post","status-publish","format-standard","has-post-thumbnail","hentry","category-saglik"],"_links":{"self":[{"href":"https:\/\/haberkaradenizim.com\/index.php\/wp-json\/wp\/v2\/posts\/2297","targetHints":{"allow":["GET"]}}],"collection":[{"href":"https:\/\/haberkaradenizim.com\/index.php\/wp-json\/wp\/v2\/posts"}],"about":[{"href":"https:\/\/haberkaradenizim.com\/index.php\/wp-json\/wp\/v2\/types\/post"}],"author":[{"embeddable":true,"href":"https:\/\/haberkaradenizim.com\/index.php\/wp-json\/wp\/v2\/users\/1"}],"replies":[{"embeddable":true,"href":"https:\/\/haberkaradenizim.com\/index.php\/wp-json\/wp\/v2\/comments?post=2297"}],"version-history":[{"count":0,"href":"https:\/\/haberkaradenizim.com\/index.php\/wp-json\/wp\/v2\/posts\/2297\/revisions"}],"wp:featuredmedia":[{"embeddable":true,"href":"https:\/\/haberkaradenizim.com\/index.php\/wp-json\/wp\/v2\/media\/2298"}],"wp:attachment":[{"href":"https:\/\/haberkaradenizim.com\/index.php\/wp-json\/wp\/v2\/media?parent=2297"}],"wp:term":[{"taxonomy":"category","embeddable":true,"href":"https:\/\/haberkaradenizim.com\/index.php\/wp-json\/wp\/v2\/categories?post=2297"},{"taxonomy":"post_tag","embeddable":true,"href":"https:\/\/haberkaradenizim.com\/index.php\/wp-json\/wp\/v2\/tags?post=2297"}],"curies":[{"name":"wp","href":"https:\/\/api.w.org\/{rel}","templated":true}]}}