{"id":2295,"date":"2023-08-23T10:22:19","date_gmt":"2023-08-23T07:22:19","guid":{"rendered":"https:\/\/haberkaradenizim.com\/index.php\/2023\/08\/23\/galatasarayda-tetenin-lisansi-cikarildi-molde-macinda-oynayabilecek\/"},"modified":"2023-08-23T10:22:19","modified_gmt":"2023-08-23T07:22:19","slug":"galatasarayda-tetenin-lisansi-cikarildi-molde-macinda-oynayabilecek","status":"publish","type":"post","link":"https:\/\/haberkaradenizim.com\/index.php\/2023\/08\/23\/galatasarayda-tetenin-lisansi-cikarildi-molde-macinda-oynayabilecek\/","title":{"rendered":"Galatasaray\u2019da Tete\u2019nin lisans\u0131 \u00e7\u0131kar\u0131ld\u0131! Molde ma\u00e7\u0131nda oynayabilecek"},"content":{"rendered":"<p><\n\n<div id=\"\">&#13;<br \/>\n&#13;<br \/>\n&#13;<\/p>\n<p><a href=\"https:\/\/www.fotomac.com.tr\/haberleri\/galatasaray?id=7f09f678-d15c-4176-9e83-4dac7890c57b\" class=\"\">Galatasaray<\/a>&#8216;\u0131n yeni transferi Brezilyal\u0131 futbolcu Tete&#8217;nin lisans\u0131 \u00e7\u0131kt\u0131.&#13;\n<\/p>\n<p>Galatasaray, yeni sezon \u00e7al\u0131\u015fmalar\u0131 kapsam\u0131nda kadrosunu Brezilyal\u0131 futbolcu Tete ile g\u00fc\u00e7lendirmi\u015fti. Sar\u0131-k\u0131rm\u0131z\u0131l\u0131lar, i\u015flemlerin tamamlanmas\u0131n\u0131n ard\u0131ndan 23 ya\u015f\u0131ndaki futbolcunun lisans\u0131n\u0131 \u00e7\u0131kard\u0131. Brezilyal\u0131 futbolcunun lisans\u0131n\u0131n \u00e7\u0131kt\u0131\u011f\u0131, T\u00fcrkiye Futbol Federasyonu&#8217;nun resmi internet sitesinde yer ald\u0131.<\/p>\n<p>&#13;<\/p>\n<p>Tete, Molde ile bu ak\u015fam oynanacak UEFA \u015eampiyonlar Ligi Play-Off Turu ilk ma\u00e7\u0131 i\u00e7in Norve\u00e7&#8217;e g\u00f6t\u00fcr\u00fclen kafilede yer alm\u0131\u015ft\u0131.<\/p>\n<p>&#13;<\/p>\n<p><img decoding=\"async\" alt=\"\" data-pimg=\"https:\/\/iaftm.tmgrup.com.tr\/0d6236\/0\/0\/0\/0\/959\/407?u=https:\/\/iftm.tmgrup.com.tr\/2023\/08\/23\/galatasarayda-tetenin-lisansi-cikarildi-molde-macinda-oynayabilecek-1692774578313.jpg&amp;mw=1366\" style=\"height:340px; width:800px\" class=\"lazyload\" src=\"https:\/\/iaftm.tmgrup.com.tr\/577ec1\/0\/0\/0\/0\/959\/407?u=https:\/\/iftm.tmgrup.com.tr\/2023\/08\/23\/galatasarayda-tetenin-lisansi-cikarildi-molde-macinda-oynayabilecek-1692774578313.jpg&amp;mw=800\"\/><\/p>\n<p>&#13;<br \/>\n&#13;<br \/>\n&#13;<br \/>\n                            &#13;<br \/>\n&#13;\n                <\/p><\/div>\n","protected":false},"excerpt":{"rendered":"<p>< &#13; &#13; &#13; Galatasaray&#8216;\u0131n yeni transferi Brezilyal\u0131 futbolcu Tete&#8217;nin lisans\u0131 \u00e7\u0131kt\u0131.&#13; Galatasaray, yeni sezon\n<\/p>\n","protected":false},"author":1,"featured_media":2296,"comment_status":"open","ping_status":"open","sticky":false,"template":"","format":"standard","meta":{"footnotes":""},"categories":[29],"tags":[],"class_list":["post-2295","post","type-post","status-publish","format-standard","has-post-thumbnail","hentry","category-spor"],"_links":{"self":[{"href":"https:\/\/haberkaradenizim.com\/index.php\/wp-json\/wp\/v2\/posts\/2295","targetHints":{"allow":["GET"]}}],"collection":[{"href":"https:\/\/haberkaradenizim.com\/index.php\/wp-json\/wp\/v2\/posts"}],"about":[{"href":"https:\/\/haberkaradenizim.com\/index.php\/wp-json\/wp\/v2\/types\/post"}],"author":[{"embeddable":true,"href":"https:\/\/haberkaradenizim.com\/index.php\/wp-json\/wp\/v2\/users\/1"}],"replies":[{"embeddable":true,"href":"https:\/\/haberkaradenizim.com\/index.php\/wp-json\/wp\/v2\/comments?post=2295"}],"version-history":[{"count":0,"href":"https:\/\/haberkaradenizim.com\/index.php\/wp-json\/wp\/v2\/posts\/2295\/revisions"}],"wp:featuredmedia":[{"embeddable":true,"href":"https:\/\/haberkaradenizim.com\/index.php\/wp-json\/wp\/v2\/media\/2296"}],"wp:attachment":[{"href":"https:\/\/haberkaradenizim.com\/index.php\/wp-json\/wp\/v2\/media?parent=2295"}],"wp:term":[{"taxonomy":"category","embeddable":true,"href":"https:\/\/haberkaradenizim.com\/index.php\/wp-json\/wp\/v2\/categories?post=2295"},{"taxonomy":"post_tag","embeddable":true,"href":"https:\/\/haberkaradenizim.com\/index.php\/wp-json\/wp\/v2\/tags?post=2295"}],"curies":[{"name":"wp","href":"https:\/\/api.w.org\/{rel}","templated":true}]}}