{"id":2249,"date":"2023-08-21T21:59:21","date_gmt":"2023-08-21T18:59:21","guid":{"rendered":"https:\/\/haberkaradenizim.com\/index.php\/2023\/08\/21\/besiktas-dinamo-kiev-macinin-hazirliklarina-basladi-son-dakika-besiktas-haberleri\/"},"modified":"2023-08-21T21:59:21","modified_gmt":"2023-08-21T18:59:21","slug":"besiktas-dinamo-kiev-macinin-hazirliklarina-basladi-son-dakika-besiktas-haberleri","status":"publish","type":"post","link":"https:\/\/haberkaradenizim.com\/index.php\/2023\/08\/21\/besiktas-dinamo-kiev-macinin-hazirliklarina-basladi-son-dakika-besiktas-haberleri\/","title":{"rendered":"Be\u015fikta\u015f Dinamo Kiev ma\u00e7\u0131n\u0131n haz\u0131rl\u0131klar\u0131na ba\u015flad\u0131 &#8211; Son dakika Be\u015fikta\u015f haberleri"},"content":{"rendered":"<p><<img decoding=\"async\" src=\"https:\/\/iaftm.tmgrup.com.tr\/65ae13\/622\/349\/0\/0\/1200\/674?u=https:\/\/iftm.tmgrup.com.tr\/2023\/08\/21\/besiktas-dinamo-kiev-macinin-hazirliklarina-basladi-1692642400457.jpeg\" \/><\/p>\n<div id=\"\">&#13;<br \/>\n&#13;<br \/>\n&#13;<\/p>\n<p><a href=\"https:\/\/www.fotomac.com.tr\/haberleri\/besiktas?id=28fd8829-36bc-4b06-8a71-33cb4902d706\" class=\"\">Be\u015fikta\u015f<\/a>, <a href=\"https:\/\/www.fotomac.com.tr\/haberleri\/uefa-avrupa-konferans-ligi?id=ddc99e55-6c37-4c4a-9ddf-edbc5bb678e5\" class=\"\">UEFA Avrupa Konferans Ligi<\/a> play-off turunda Ukrayna ekibi <a href=\"https:\/\/www.fotomac.com.tr\/haberleri\/dinamo-kiev?id=e585006b-d81c-4c17-a27d-d706bbe56521\" class=\"\">Dinamo Kiev<\/a> ile 24 A\u011fustos Per\u015fembe g\u00fcn\u00fc <a href=\"https:\/\/www.fotomac.com.tr\/haberleri\/romanya?id=207c586b-db62-4ec8-a56e-5c01962918ec\" class=\"\">Romanya<\/a>&#8216;n\u0131n ba\u015fkenti B\u00fckre\u015f&#8217;te yapaca\u011f\u0131 ilk ma\u00e7\u0131n haz\u0131rl\u0131klar\u0131na ba\u015flad\u0131.<\/p>\n<p>&#13;<br \/>\n&#13;<\/p>\n<p>Siyah-beyazl\u0131 kul\u00fcpten yap\u0131lan a\u00e7\u0131klamaya g\u00f6re <a href=\"https:\/\/www.fotomac.com.tr\/haberleri\/bjk-nevzat-demir-tesisleri?id=0ae59a4a-21f9-4cfb-9ace-3612f9817492\" class=\"\">BJK Nevzat Demir Tesisleri<\/a>&#8216;nde teknik direkt\u00f6r <a href=\"https:\/\/www.fotomac.com.tr\/haberleri\/senol-gunes?id=893896f3-ff64-428a-820f-0f29a14300dd\" class=\"\">\u015eenol G\u00fcne\u015f<\/a> y\u00f6netiminde ger\u00e7ekle\u015ftirilen antrenman, \u0131s\u0131nma ko\u015fular\u0131yla ba\u015flad\u0131.<\/p>\n<p>&#13;<br \/>\n&#13;<\/p>\n<p>Top kapma ve pas \u00e7al\u0131\u015fmas\u0131yla devam eden idmanda minyat\u00fcr kale ma\u00e7 yap\u0131ld\u0131. Antrenman, taktik organizasyonlarla tamamland\u0131.<\/p>\n<p>&#13;<br \/>\n&#13;<\/p>\n<p>Yeni transfer <a href=\"https:\/\/www.fotomac.com.tr\/haberleri\/bakhtiyor-zaynutdinov?id=e6ab61a3-9f45-402b-aa11-3e4327aaef1e\" class=\"\">Bakhtiyor Zaynutdinov<\/a>, tak\u0131mla ilk antrenman\u0131na \u00e7\u0131kt\u0131. <a href=\"https:\/\/www.fotomac.com.tr\/haberleri\/trendyol-super-lig?id=c646db9d-dc1d-4a6c-be82-0a30412df6c3\" class=\"\">Trendyol S\u00fcper Lig<\/a>&#8216;in 2. haftas\u0131nda <a href=\"https:\/\/www.fotomac.com.tr\/haberleri\/pendikspor?id=b8ed35e5-a870-4721-bbd2-94c6ee424fd7\" class=\"\">Pendikspor<\/a> ile oynanan ve 1-1 berabere tamamlanan ma\u00e7ta forma giyen futbolcular g\u00fcn\u00fc izinli ge\u00e7irdi.<\/p>\n<p>&#13;<br \/>\n&#13;<\/p>\n<p>Be\u015fikta\u015f, Dinamo Kiev m\u00fcsabakas\u0131n\u0131n haz\u0131rl\u0131klar\u0131na yar\u0131n devam edecek.<\/p>\n<p>&#13;<br \/>\n&#13;<br \/>\n                            &#13;<br \/>\n&#13;\n                <\/p><\/div>\n","protected":false},"excerpt":{"rendered":"","protected":false},"author":1,"featured_media":2250,"comment_status":"open","ping_status":"open","sticky":false,"template":"","format":"standard","meta":{"footnotes":""},"categories":[29],"tags":[],"class_list":["post-2249","post","type-post","status-publish","format-standard","has-post-thumbnail","hentry","category-spor"],"_links":{"self":[{"href":"https:\/\/haberkaradenizim.com\/index.php\/wp-json\/wp\/v2\/posts\/2249","targetHints":{"allow":["GET"]}}],"collection":[{"href":"https:\/\/haberkaradenizim.com\/index.php\/wp-json\/wp\/v2\/posts"}],"about":[{"href":"https:\/\/haberkaradenizim.com\/index.php\/wp-json\/wp\/v2\/types\/post"}],"author":[{"embeddable":true,"href":"https:\/\/haberkaradenizim.com\/index.php\/wp-json\/wp\/v2\/users\/1"}],"replies":[{"embeddable":true,"href":"https:\/\/haberkaradenizim.com\/index.php\/wp-json\/wp\/v2\/comments?post=2249"}],"version-history":[{"count":0,"href":"https:\/\/haberkaradenizim.com\/index.php\/wp-json\/wp\/v2\/posts\/2249\/revisions"}],"wp:featuredmedia":[{"embeddable":true,"href":"https:\/\/haberkaradenizim.com\/index.php\/wp-json\/wp\/v2\/media\/2250"}],"wp:attachment":[{"href":"https:\/\/haberkaradenizim.com\/index.php\/wp-json\/wp\/v2\/media?parent=2249"}],"wp:term":[{"taxonomy":"category","embeddable":true,"href":"https:\/\/haberkaradenizim.com\/index.php\/wp-json\/wp\/v2\/categories?post=2249"},{"taxonomy":"post_tag","embeddable":true,"href":"https:\/\/haberkaradenizim.com\/index.php\/wp-json\/wp\/v2\/tags?post=2249"}],"curies":[{"name":"wp","href":"https:\/\/api.w.org\/{rel}","templated":true}]}}