{"id":2245,"date":"2023-08-21T09:46:53","date_gmt":"2023-08-21T06:46:53","guid":{"rendered":"https:\/\/haberkaradenizim.com\/index.php\/2023\/08\/21\/fenerbahce-haberleri-kanaryaya-nicolas-dominguezden-kotu-haber-aciklama-geldi\/"},"modified":"2023-08-21T09:46:53","modified_gmt":"2023-08-21T06:46:53","slug":"fenerbahce-haberleri-kanaryaya-nicolas-dominguezden-kotu-haber-aciklama-geldi","status":"publish","type":"post","link":"https:\/\/haberkaradenizim.com\/index.php\/2023\/08\/21\/fenerbahce-haberleri-kanaryaya-nicolas-dominguezden-kotu-haber-aciklama-geldi\/","title":{"rendered":"FENERBAH\u00c7E HABERLER\u0130 &#8211; Kanarya\u2019ya Nicolas Dominguez\u2019den k\u00f6t\u00fc haber! A\u00e7\u0131klama geldi"},"content":{"rendered":"<p><\n\n<div data-index=\"2\">\n<figure class=\"featured-image view-10 view-md-20\">&#13;<br \/>\n                                    <a href=\"https:\/\/iaftm.tmgrup.com.tr\/35a325\/0\/0\/0\/0\/0\/0?u=https:\/\/iftm.tmgrup.com.tr\/album\/2023\/08\/21\/fenerbahce-haberleri-kanaryaya-nicolas-dominguezden-kotu-haber-aciklama-geldi-1692598600692.jpg&amp;mw=1200&amp;l=1\" class=\"fancybox-effects\">&#13;\n                                        <picture>&#13;<br \/>\n                                            <img decoding=\"async\" src=\"https:\/\/iaftm.tmgrup.com.tr\/bd6184\/0\/0\/0\/0\/0\/0?u=https:\/\/iftm.tmgrup.com.tr\/album\/2023\/08\/21\/fenerbahce-haberleri-kanaryaya-nicolas-dominguezden-kotu-haber-aciklama-geldi-1692598600692.jpg&amp;mw=752&amp;mh=700&amp;l=1\" alt=\"FENERBAH\u00c7E HABERLER\u0130 - Kanarya'ya Nicolas Dominguez'den k\u00f6t\u00fc haber! A\u00e7\u0131klama geldi\" class=\"lazyload\"\/> <!-- mobile -->&#13;\n                                        <\/picture>&#13;<br \/>\n                                    <\/a>&#13;<br \/>\n                                <\/figure>\n<section class=\"detail-text-content\">&#13;<\/p>\n<p>Kul\u00fcb\u00fcn CEO&#8217;su Claudio Fenucci, Arjantinli oyuncuyu b\u0131rakmak istemediklerini s\u00f6yledi.<\/p>\n<p>  &#13;<br \/>\n&#13;<br \/>\n&#13;<br \/>\n                                <\/section>\n<\/p><\/div>\n<div data-index=\"3\">\n<figure class=\"featured-image view-10 view-md-20\">&#13;<br \/>\n                                    <a href=\"https:\/\/iaftm.tmgrup.com.tr\/d7c7d4\/0\/0\/0\/0\/0\/0?u=https:\/\/iftm.tmgrup.com.tr\/album\/2023\/08\/21\/fenerbahce-haberleri-kanaryaya-nicolas-dominguezden-kotu-haber-aciklama-geldi-1692598594782.jpg&amp;mw=1200&amp;l=1\" class=\"fancybox-effects\">&#13;\n                                        <picture>&#13;<br \/>\n                                            <img decoding=\"async\" src=\"https:\/\/iaftm.tmgrup.com.tr\/74510f\/0\/0\/0\/0\/0\/0?u=https:\/\/iftm.tmgrup.com.tr\/album\/2023\/08\/21\/fenerbahce-haberleri-kanaryaya-nicolas-dominguezden-kotu-haber-aciklama-geldi-1692598594782.jpg&amp;mw=752&amp;mh=700&amp;l=1\" alt=\"FENERBAH\u00c7E HABERLER\u0130 - Kanarya'ya Nicolas Dominguez'den k\u00f6t\u00fc haber! A\u00e7\u0131klama geldi\" class=\"lazyload\"\/> <!-- mobile -->&#13;\n                                        <\/picture>&#13;<br \/>\n                                    <\/a>&#13;<br \/>\n                                <\/figure>\n<section class=\"detail-text-content\">&#13;<\/p>\n<p>Fenucci, &#8220;Nico i\u00e7in yeni bir teklifte bulunduk. Cevab\u0131n\u0131 bekliyoruz. Onu burada tutmak istiyoruz. \u00c7\u00fcnk\u00fc h\u00e2l\u00e2 \u00f6nemli beklentileri olan bir oyuncu&#8221; dedi.<\/p>\n<p>  &#13;<br \/>\n&#13;<br \/>\n&#13;<br \/>\n                                <\/section>\n<\/p><\/div>\n","protected":false},"excerpt":{"rendered":"<p>< &#13; &#13; &#13; &#13; &#13; &#13; &#13; Kul\u00fcb\u00fcn CEO&#8217;su Claudio Fenucci, Arjantinli oyuncuyu b\u0131rakmak\n<\/p>\n","protected":false},"author":1,"featured_media":2246,"comment_status":"open","ping_status":"open","sticky":false,"template":"","format":"standard","meta":{"footnotes":""},"categories":[29],"tags":[],"class_list":["post-2245","post","type-post","status-publish","format-standard","has-post-thumbnail","hentry","category-spor"],"_links":{"self":[{"href":"https:\/\/haberkaradenizim.com\/index.php\/wp-json\/wp\/v2\/posts\/2245","targetHints":{"allow":["GET"]}}],"collection":[{"href":"https:\/\/haberkaradenizim.com\/index.php\/wp-json\/wp\/v2\/posts"}],"about":[{"href":"https:\/\/haberkaradenizim.com\/index.php\/wp-json\/wp\/v2\/types\/post"}],"author":[{"embeddable":true,"href":"https:\/\/haberkaradenizim.com\/index.php\/wp-json\/wp\/v2\/users\/1"}],"replies":[{"embeddable":true,"href":"https:\/\/haberkaradenizim.com\/index.php\/wp-json\/wp\/v2\/comments?post=2245"}],"version-history":[{"count":0,"href":"https:\/\/haberkaradenizim.com\/index.php\/wp-json\/wp\/v2\/posts\/2245\/revisions"}],"wp:featuredmedia":[{"embeddable":true,"href":"https:\/\/haberkaradenizim.com\/index.php\/wp-json\/wp\/v2\/media\/2246"}],"wp:attachment":[{"href":"https:\/\/haberkaradenizim.com\/index.php\/wp-json\/wp\/v2\/media?parent=2245"}],"wp:term":[{"taxonomy":"category","embeddable":true,"href":"https:\/\/haberkaradenizim.com\/index.php\/wp-json\/wp\/v2\/categories?post=2245"},{"taxonomy":"post_tag","embeddable":true,"href":"https:\/\/haberkaradenizim.com\/index.php\/wp-json\/wp\/v2\/tags?post=2245"}],"curies":[{"name":"wp","href":"https:\/\/api.w.org\/{rel}","templated":true}]}}