{"id":2243,"date":"2023-08-20T22:32:00","date_gmt":"2023-08-20T19:32:00","guid":{"rendered":"https:\/\/haberkaradenizim.com\/index.php\/2023\/08\/20\/uzun-suren-muzakerelerin-ardindan-4688-sayili-yasa-toplu-sozlesme-kapsaminda-degerlendirilecek\/"},"modified":"2023-08-20T22:32:00","modified_gmt":"2023-08-20T19:32:00","slug":"uzun-suren-muzakerelerin-ardindan-4688-sayili-yasa-toplu-sozlesme-kapsaminda-degerlendirilecek","status":"publish","type":"post","link":"https:\/\/haberkaradenizim.com\/index.php\/2023\/08\/20\/uzun-suren-muzakerelerin-ardindan-4688-sayili-yasa-toplu-sozlesme-kapsaminda-degerlendirilecek\/","title":{"rendered":"Uzun S\u00fcren M\u00fczakerelerin Ard\u0131ndan: 4688 Say\u0131l\u0131 Yasa Toplu S\u00f6zle\u015fme Kapsam\u0131nda De\u011ferlendirilecek"},"content":{"rendered":"<div data-text-id=\"26843\" property=\"articleBody\">\n<p><a href=\"https:\/\/www.saglikpersonelihaber.net\/haberleri\" class=\"internal_link\" target=\"_blank\" title=\"\" rel=\"noopener\">Toplant\u0131n\u0131n odak noktas\u0131 olan 7. D\u00f6nem Toplu S\u00f6zle\u015fme m\u00fczakerelerinde al\u0131nmas\u0131 gereken aksiyonlar ve stratejiler titizlikle ele al\u0131nd\u0131. Memur-Sen Genel Ba\u015fkan\u0131 Ali Yal\u00e7\u0131n, toplant\u0131da yapt\u0131\u011f\u0131 konu\u015fmada, \u00f6nemli bir zamanda bir araya geldiklerini ifade ederek, toplu s\u00f6zle\u015fme s\u00fcrecinin geldi\u011fi son kav\u015fa\u011f\u0131n \u00f6nemini vurgulad\u0131. Yal\u00e7\u0131n, 967 talebin masada oldu\u011fu bu d\u00f6nemde m\u00fczakere s\u00fcrecinin beklentilerin \u00f6tesinde uzad\u0131\u011f\u0131n\u0131 belirtti. \u00d6n m\u00fczakere ve m\u00fczakere s\u00fcre\u00e7lerinin birle\u015fti\u011fi bu d\u00f6nemin, al\u0131\u015f\u0131lagelmi\u015fin d\u0131\u015f\u0131nda bir a\u015fama oldu\u011funa dikkat \u00e7ekti.<\/p>\n<p>Ba\u015fkan Yal\u00e7\u0131n,<\/p>\n<blockquote>\n<p><strong>&#8220;Hizmet kollar\u0131nda \u00f6nemli bir a\u015famaya geldik. Verimli bir \u015fekilde ge\u00e7en zamanla sonu\u00e7 alma \u00e7abas\u0131 i\u00e7erisinde olduk. \u015eu an geldi\u011fimiz noktada masada her talebi detayl\u0131 \u015fekilde inceledik. Ancak, hizmet kollar\u0131m\u0131z\u0131 ilgilendiren taleplerimizi g\u00f6r\u00fc\u015fmeye devam ediyoruz. Bu s\u00fcre\u00e7, do\u011fal olarak stresli ge\u00e7iyor.&#8221; \u015feklinde a\u00e7\u0131klamalarda bulundu.<\/strong><\/p>\n<\/blockquote>\n<p>Yal\u00e7\u0131n, 4688 say\u0131l\u0131 yasan\u0131n t\u00fcm detaylar\u0131yla ele al\u0131nmas\u0131n\u0131n \u00f6nemine vurgu yaparak,<\/p>\n<blockquote>\n<p><strong>&#8220;\u00d6n\u00fcm\u00fczdeki y\u0131l bu konu \u00fczerinde prensipte anla\u015ft\u0131k. Di\u011fer taleplerimiz i\u00e7in de yo\u011fun g\u00f6r\u00fc\u015fmeler ger\u00e7ekle\u015ftiriyoruz ve sonu\u00e7 odakl\u0131 \u00e7al\u0131\u015fmalar\u0131m\u0131z devam ediyor. Biz bu s\u00fcre\u00e7te sadece eylem ve s\u00f6ylemlerle de\u011fil, ayn\u0131 zamanda diplomatik yakla\u015f\u0131mlarla da \u00f6nemli ad\u0131mlar at\u0131yoruz.&#8221; ifadelerine yer verdi.<\/strong><\/p>\n<div class=\"post-flash\">\n        <!--\n\n<h3 class=\"post-flash__title\">G&ouml;zden ka&ccedil;&#305;rmay&#305;n<\/h3>\n\n--><br \/>\n                <a href=\"https:\/\/www.saglikpersonelihaber.net\/genel-baskan-dogruyol-bu-toplu-sozlesme-ise-yaramaz\" class=\"post-flash__content\" target=\"_self\" title=\"Genel Ba\u015fkan Do\u011fruyol: \" bu=\"\" toplu=\"\" s=\"\" yaramaz=\"\" style=\"background-color: #A61C1E\" rel=\"noopener\"><br \/>\n            <img loading=\"lazy\" decoding=\"async\" src=\"https:\/\/saglikpersonelihabernet.teimg.com\/crop\/250x150\/saglikpersonelihaber-net\/uploads\/2023\/08\/dogruyol.jpg\" alt=\"Genel Ba\u015fkan Do\u011fruyol: \" bu=\"\" toplu=\"\" s=\"\" yaramaz=\"\" width=\"231\" height=\"140\" class=\"content-paragraph-image\"\/><br \/>\n            <span class=\"post-flash__heading\"><br \/>\n                <span class=\"post-flash__h4\">Genel Ba\u015fkan Do\u011fruyol: &#8220;Bu Toplu S\u00f6zle\u015fme \u0130\u015fe Yaramaz&#8221;<\/span><br \/>\n            <\/span><br \/>\n        <\/a>\n            <\/div>\n<\/blockquote>\n<p>Toplant\u0131da Memur-Sen \u0130l Temsilcileri de tek tek g\u00f6r\u00fc\u015flerini payla\u015ft\u0131. Enflasyonist ko\u015fullarda sunulan zam teklifinin ve hizmet kollar\u0131ndaki kazan\u0131mlar\u0131n \u00f6nemine dikkat \u00e7ekildi. Teklifin kamu i\u015fvereni taraf\u0131ndan sunuldu\u011fu kontekst i\u00e7erisinde hizmet kollar\u0131n\u0131n elde etti\u011fi kazan\u0131mlar\u0131n yeri isti\u015fare edildi.<\/p>\n<\/p><\/div>\n","protected":false},"excerpt":{"rendered":"<p>Toplant\u0131n\u0131n odak noktas\u0131 olan 7. D\u00f6nem Toplu S\u00f6zle\u015fme m\u00fczakerelerinde al\u0131nmas\u0131 gereken aksiyonlar ve stratejiler titizlikle<\/p>\n","protected":false},"author":1,"featured_media":2244,"comment_status":"open","ping_status":"open","sticky":false,"template":"","format":"standard","meta":{"footnotes":""},"categories":[27],"tags":[],"class_list":["post-2243","post","type-post","status-publish","format-standard","has-post-thumbnail","hentry","category-saglik"],"_links":{"self":[{"href":"https:\/\/haberkaradenizim.com\/index.php\/wp-json\/wp\/v2\/posts\/2243","targetHints":{"allow":["GET"]}}],"collection":[{"href":"https:\/\/haberkaradenizim.com\/index.php\/wp-json\/wp\/v2\/posts"}],"about":[{"href":"https:\/\/haberkaradenizim.com\/index.php\/wp-json\/wp\/v2\/types\/post"}],"author":[{"embeddable":true,"href":"https:\/\/haberkaradenizim.com\/index.php\/wp-json\/wp\/v2\/users\/1"}],"replies":[{"embeddable":true,"href":"https:\/\/haberkaradenizim.com\/index.php\/wp-json\/wp\/v2\/comments?post=2243"}],"version-history":[{"count":0,"href":"https:\/\/haberkaradenizim.com\/index.php\/wp-json\/wp\/v2\/posts\/2243\/revisions"}],"wp:featuredmedia":[{"embeddable":true,"href":"https:\/\/haberkaradenizim.com\/index.php\/wp-json\/wp\/v2\/media\/2244"}],"wp:attachment":[{"href":"https:\/\/haberkaradenizim.com\/index.php\/wp-json\/wp\/v2\/media?parent=2243"}],"wp:term":[{"taxonomy":"category","embeddable":true,"href":"https:\/\/haberkaradenizim.com\/index.php\/wp-json\/wp\/v2\/categories?post=2243"},{"taxonomy":"post_tag","embeddable":true,"href":"https:\/\/haberkaradenizim.com\/index.php\/wp-json\/wp\/v2\/tags?post=2243"}],"curies":[{"name":"wp","href":"https:\/\/api.w.org\/{rel}","templated":true}]}}