{"id":2233,"date":"2023-08-19T21:24:28","date_gmt":"2023-08-19T18:24:28","guid":{"rendered":"https:\/\/haberkaradenizim.com\/index.php\/2023\/08\/19\/fenerbahce-samsunspor-macinin-hazirliklarini-surdurdu-son-dakika-fenerbahce-haberleri\/"},"modified":"2023-08-19T21:24:28","modified_gmt":"2023-08-19T18:24:28","slug":"fenerbahce-samsunspor-macinin-hazirliklarini-surdurdu-son-dakika-fenerbahce-haberleri","status":"publish","type":"post","link":"https:\/\/haberkaradenizim.com\/index.php\/2023\/08\/19\/fenerbahce-samsunspor-macinin-hazirliklarini-surdurdu-son-dakika-fenerbahce-haberleri\/","title":{"rendered":"Fenerbah\u00e7e Samsunspor ma\u00e7\u0131n\u0131n haz\u0131rl\u0131klar\u0131n\u0131 s\u00fcrd\u00fcrd\u00fc! &#8211; Son dakika Fenerbah\u00e7e haberleri"},"content":{"rendered":"<p><<img decoding=\"async\" src=\"https:\/\/iaftm.tmgrup.com.tr\/292dcf\/622\/349\/0\/0\/800\/448?u=https:\/\/iftm.tmgrup.com.tr\/2023\/08\/19\/fenerbahce-samsunspor-macinin-hazirliklarini-surdurdu-1692466403108.jpeg\" \/><\/p>\n<div id=\"\">&#13;<br \/>\n&#13;<br \/>\n&#13;<\/p>\n<p><a href=\"https:\/\/www.fotomac.com.tr\/haberleri\/trendyol-super-lig?id=c646db9d-dc1d-4a6c-be82-0a30412df6c3\" class=\"\">Trendyol S\u00fcper Lig<\/a>&#8216;in 2. haftas\u0131nda 21 A\u011fustos Pazartesi g\u00fcn\u00fc Y\u0131lport <a href=\"https:\/\/www.fotomac.com.tr\/haberleri\/samsunspor?id=27ad241c-6568-47e9-9a95-1c5725b6a616\" class=\"\">Samsunspor<\/a>&#8216;a konuk olacak <a href=\"https:\/\/www.fotomac.com.tr\/haberleri\/fenerbahce?id=65439000-410e-4c14-94da-0622ac043911\" class=\"\">Fenerbah\u00e7e<\/a>, haz\u0131rl\u0131klar\u0131n\u0131 s\u00fcrd\u00fcrd\u00fc.<\/p>\n<p>&#13;<br \/>\n&#13;<\/p>\n<p>Sar\u0131-lacivertli kul\u00fcpten yap\u0131lan a\u00e7\u0131klamaya g\u00f6re <a href=\"https:\/\/www.fotomac.com.tr\/haberleri\/fenerbahce-can-bartu-tesisleri?id=c15b958c-b1db-4a3a-90b2-331db1187b2f\" class=\"\">Fenerbah\u00e7e Can Bartu Tesisleri<\/a>&#8216;nde teknik direkt\u00f6r <a href=\"https:\/\/www.fotomac.com.tr\/haberleri\/ismail-kartal?id=d624d7e9-40f1-4094-81be-23ade98e130a\" class=\"\">\u0130smail Kartal<\/a> y\u00f6netiminde ger\u00e7ekle\u015ftirilen antrenman, ko\u015fu, \u0131s\u0131nma ve koordinasyon hareketleriyle ba\u015flad\u0131.<\/p>\n<p>&#13;<br \/>\n&#13;<\/p>\n<p>\u00c7abukluk ve pas \u00e7al\u0131\u015fmalar\u0131yla devam eden idmanda taktiksel organizasyonlar \u00fczerinde duruldu. Antrenman, bireysel \u00e7al\u0131\u015fmalarla noktaland\u0131.<\/p>\n<p>&#13;<br \/>\n&#13;<\/p>\n<p>Fenerbah\u00e7e, yar\u0131n yapaca\u011f\u0131 idmanla <a href=\"https:\/\/www.fotomac.com.tr\/haberleri\/yilport-samsunspor?id=d0f61f2e-5ca9-4597-bc67-7d90ee5597c1\" class=\"\">Y\u0131lport Samsunspor<\/a> m\u00fcsabakas\u0131 haz\u0131rl\u0131klar\u0131n\u0131n <a href=\"https:\/\/www.fotomac.com.tr\/haberleri\/istanbul?id=101cd7c1-f4a1-48db-a597-ab1bebaad464\" class=\"\">\u0130stanbul<\/a> etab\u0131n\u0131 tamamlayacak.<\/p>\n<p>&#13;<br \/>\n&#13;<br \/>\n                            &#13;<br \/>\n&#13;\n                <\/p><\/div>\n","protected":false},"excerpt":{"rendered":"","protected":false},"author":1,"featured_media":2234,"comment_status":"open","ping_status":"open","sticky":false,"template":"","format":"standard","meta":{"footnotes":""},"categories":[29],"tags":[],"class_list":["post-2233","post","type-post","status-publish","format-standard","has-post-thumbnail","hentry","category-spor"],"_links":{"self":[{"href":"https:\/\/haberkaradenizim.com\/index.php\/wp-json\/wp\/v2\/posts\/2233","targetHints":{"allow":["GET"]}}],"collection":[{"href":"https:\/\/haberkaradenizim.com\/index.php\/wp-json\/wp\/v2\/posts"}],"about":[{"href":"https:\/\/haberkaradenizim.com\/index.php\/wp-json\/wp\/v2\/types\/post"}],"author":[{"embeddable":true,"href":"https:\/\/haberkaradenizim.com\/index.php\/wp-json\/wp\/v2\/users\/1"}],"replies":[{"embeddable":true,"href":"https:\/\/haberkaradenizim.com\/index.php\/wp-json\/wp\/v2\/comments?post=2233"}],"version-history":[{"count":0,"href":"https:\/\/haberkaradenizim.com\/index.php\/wp-json\/wp\/v2\/posts\/2233\/revisions"}],"wp:featuredmedia":[{"embeddable":true,"href":"https:\/\/haberkaradenizim.com\/index.php\/wp-json\/wp\/v2\/media\/2234"}],"wp:attachment":[{"href":"https:\/\/haberkaradenizim.com\/index.php\/wp-json\/wp\/v2\/media?parent=2233"}],"wp:term":[{"taxonomy":"category","embeddable":true,"href":"https:\/\/haberkaradenizim.com\/index.php\/wp-json\/wp\/v2\/categories?post=2233"},{"taxonomy":"post_tag","embeddable":true,"href":"https:\/\/haberkaradenizim.com\/index.php\/wp-json\/wp\/v2\/tags?post=2233"}],"curies":[{"name":"wp","href":"https:\/\/api.w.org\/{rel}","templated":true}]}}