{"id":2231,"date":"2023-08-18T16:06:00","date_gmt":"2023-08-18T13:06:00","guid":{"rendered":"https:\/\/haberkaradenizim.com\/index.php\/2023\/08\/18\/memur-senin-talepleri-ve-kazanimlari-yillara-gore-degisen-dengeler\/"},"modified":"2023-08-18T16:06:00","modified_gmt":"2023-08-18T13:06:00","slug":"memur-senin-talepleri-ve-kazanimlari-yillara-gore-degisen-dengeler","status":"publish","type":"post","link":"https:\/\/haberkaradenizim.com\/index.php\/2023\/08\/18\/memur-senin-talepleri-ve-kazanimlari-yillara-gore-degisen-dengeler\/","title":{"rendered":"Memur-Sen&#8217;in Talepleri ve Kazan\u0131mlar\u0131: Y\u0131llara G\u00f6re De\u011fi\u015fen Dengeler"},"content":{"rendered":"<div data-text-id=\"26783\" property=\"articleBody\">\n<p><a href=\"https:\/\/www.saglikpersonelihaber.net\/haberleri\" class=\"internal_link\" target=\"_blank\" title=\"\" rel=\"noopener\">Genel Ba\u015fkan \u00d6\u011eRET\u0130C\u0130, Memur-Sen&#8217;in taleplerini y\u0131llara g\u00f6re inceleyerek, &#8220;Y\u0131llard\u0131r dile getiriyoruz, enflasyon alt\u0131nda kalmak bir kader de\u011fil, tercihtir&#8221; dedi. Sendikan\u0131n taleplerine ra\u011fmen memur maa\u015flar\u0131n\u0131n enflasyonun alt\u0131nda kald\u0131\u011f\u0131n\u0131 belirten \u00d6\u011eRET\u0130C\u0130, &#8220;Maalesef memurlar 6 d\u00f6nem boyunca oynanan tiyatroya ra\u011fmen hala yetkiyi ayn\u0131 sendikalara verdi. Kamu i\u015fveren heyeti kar\u015f\u0131s\u0131nda cayd\u0131r\u0131c\u0131 olmayan, eylem plan\u0131 dahi ortaya koymayan, \u00e7al\u0131\u015fanlar\u0131n \u00e7\u0131karlar\u0131n\u0131 g\u00f6zeten bir konfederasyondan da ba\u015fka bir \u015fey beklenemez. Bu durum ger\u00e7ekten \u00fcz\u00fcc\u00fc&#8230;&#8221; \u015feklinde ele\u015ftirilerde bulundu.<\/p>\n<div class=\"post-flash\">\n        <!--\n\n<h3 class=\"post-flash__title\">G&ouml;zden ka&ccedil;&#305;rmay&#305;n<\/h3>\n\n--><br \/>\n                <a href=\"https:\/\/www.saglikpersonelihaber.net\/memur-senden-sert-tepki-zam-teklifine-karsi-sokaktayiz\" class=\"post-flash__content\" target=\"_self\" title=\"Memur-Sen'den Sert Tepki: Zam Teklifine Kar\u015f\u0131 Sokaktay\u0131z!\" style=\"background-color: #1C38A6\" rel=\"noopener\"><br \/>\n            <img loading=\"lazy\" decoding=\"async\" src=\"https:\/\/saglikpersonelihabernet.teimg.com\/crop\/250x150\/saglikpersonelihaber-net\/uploads\/2023\/08\/zam-teklifi-eylem.jpg\" alt=\"Memur-Sen'den Sert Tepki: Zam Teklifine Kar\u015f\u0131 Sokaktay\u0131z!\" width=\"231\" height=\"140\" class=\"content-paragraph-image\"\/><br \/>\n            <span class=\"post-flash__heading\"><br \/>\n                <span class=\"post-flash__h4\">Memur-Sen&#8217;den Sert Tepki: Zam Teklifine Kar\u015f\u0131 Sokaktay\u0131z!<\/span><br \/>\n            <\/span><br \/>\n        <\/a>\n            <\/div>\n<p>\u00d6\u011eRET\u0130C\u0130, memur maa\u015flar\u0131n\u0131n enflasyon kar\u015f\u0131s\u0131nda geriledi\u011fi bir s\u00fcre\u00e7te, Memur-Sen&#8217;in rol\u00fcn\u00fc sorgulayarak, sendikan\u0131n \u00e7al\u0131\u015fanlar\u0131n \u00e7\u0131karlar\u0131n\u0131 yeterince savunmad\u0131\u011f\u0131 g\u00f6r\u00fc\u015f\u00fcn\u00fc dile getirdi. Genel Ba\u015fkan \u00d6\u011eRET\u0130C\u0130&#8217;nin a\u00e7\u0131klamalar\u0131, kamuoyunda sendikal hareketin y\u00f6n\u00fc ve Memur-Sen&#8217;in performans\u0131 hakk\u0131nda yeni tart\u0131\u015fmalar\u0131 beraberinde getirecek gibi g\u00f6r\u00fcn\u00fcyor.<\/p>\n<p><img decoding=\"async\" alt=\"tablo-1\" class=\"img-fluid detail-photo\" src=\"https:\/\/saglikpersonelihabernet.teimg.com\/saglikpersonelihaber-net\/uploads\/2023\/08\/tablo-1.jpg\" style=\"width: 100%\"\/><\/p>\n<\/p><\/div>\n","protected":false},"excerpt":{"rendered":"<p>Genel Ba\u015fkan \u00d6\u011eRET\u0130C\u0130, Memur-Sen&#8217;in taleplerini y\u0131llara g\u00f6re inceleyerek, &#8220;Y\u0131llard\u0131r dile getiriyoruz, enflasyon alt\u0131nda kalmak bir<\/p>\n","protected":false},"author":1,"featured_media":2232,"comment_status":"open","ping_status":"open","sticky":false,"template":"","format":"standard","meta":{"footnotes":""},"categories":[27],"tags":[],"class_list":["post-2231","post","type-post","status-publish","format-standard","has-post-thumbnail","hentry","category-saglik"],"_links":{"self":[{"href":"https:\/\/haberkaradenizim.com\/index.php\/wp-json\/wp\/v2\/posts\/2231","targetHints":{"allow":["GET"]}}],"collection":[{"href":"https:\/\/haberkaradenizim.com\/index.php\/wp-json\/wp\/v2\/posts"}],"about":[{"href":"https:\/\/haberkaradenizim.com\/index.php\/wp-json\/wp\/v2\/types\/post"}],"author":[{"embeddable":true,"href":"https:\/\/haberkaradenizim.com\/index.php\/wp-json\/wp\/v2\/users\/1"}],"replies":[{"embeddable":true,"href":"https:\/\/haberkaradenizim.com\/index.php\/wp-json\/wp\/v2\/comments?post=2231"}],"version-history":[{"count":0,"href":"https:\/\/haberkaradenizim.com\/index.php\/wp-json\/wp\/v2\/posts\/2231\/revisions"}],"wp:featuredmedia":[{"embeddable":true,"href":"https:\/\/haberkaradenizim.com\/index.php\/wp-json\/wp\/v2\/media\/2232"}],"wp:attachment":[{"href":"https:\/\/haberkaradenizim.com\/index.php\/wp-json\/wp\/v2\/media?parent=2231"}],"wp:term":[{"taxonomy":"category","embeddable":true,"href":"https:\/\/haberkaradenizim.com\/index.php\/wp-json\/wp\/v2\/categories?post=2231"},{"taxonomy":"post_tag","embeddable":true,"href":"https:\/\/haberkaradenizim.com\/index.php\/wp-json\/wp\/v2\/tags?post=2231"}],"curies":[{"name":"wp","href":"https:\/\/api.w.org\/{rel}","templated":true}]}}