{"id":2225,"date":"2023-08-18T20:24:08","date_gmt":"2023-08-18T17:24:08","guid":{"rendered":"https:\/\/haberkaradenizim.com\/index.php\/2023\/08\/18\/fenerbahce-ve-galatasaraya-ndombeleden-kotu-haber-transferde-rakip-cikti\/"},"modified":"2023-08-18T20:24:08","modified_gmt":"2023-08-18T17:24:08","slug":"fenerbahce-ve-galatasaraya-ndombeleden-kotu-haber-transferde-rakip-cikti","status":"publish","type":"post","link":"https:\/\/haberkaradenizim.com\/index.php\/2023\/08\/18\/fenerbahce-ve-galatasaraya-ndombeleden-kotu-haber-transferde-rakip-cikti\/","title":{"rendered":"Fenerbah\u00e7e ve Galatasaray\u2019a Ndombele\u2019den k\u00f6t\u00fc haber! Transferde rakip \u00e7\u0131kt\u0131"},"content":{"rendered":"<p><\n\n<div data-index=\"1\">\n<figure class=\"featured-image view-10 view-md-20\">&#13;<br \/>\n                                    <a href=\"https:\/\/iaftm.tmgrup.com.tr\/d72d15\/0\/0\/0\/0\/0\/0?u=https:\/\/iaspr.tmgrup.com.tr\/album\/2023\/08\/18\/fenerbahce-ve-galatasaraya-transferde-fransiz-rakip-pazarlik-masasi-1692373594217.jpg&amp;mw=1200&amp;l=1\" class=\"fancybox-effects\">&#13;\n                                        <picture>&#13;<br \/>\n                                            <img decoding=\"async\" src=\"https:\/\/iaftm.tmgrup.com.tr\/575d70\/0\/0\/0\/0\/0\/0?u=https:\/\/iaspr.tmgrup.com.tr\/album\/2023\/08\/18\/fenerbahce-ve-galatasaraya-transferde-fransiz-rakip-pazarlik-masasi-1692373594217.jpg&amp;mw=752&amp;mh=700&amp;l=1\" alt=\"TRANSFER HABER, - Fenerbah\u00e7e ve Galatasaray'a Ndombele'den k\u00f6t\u00fc haber!\" class=\"lazyload\"\/> <!-- mobile -->&#13;\n                                        <\/picture>&#13;<br \/>\n                                    <\/a>&#13;<br \/>\n                                <\/figure>\n<section class=\"detail-text-content\">&#13;<\/p>\n<p>Hem <a href=\"https:\/\/www.fotomac.com.tr\/haberleri\/galatasaray\" target=\"_blank\" class=\"tkktLnk\" rel=\"noopener\">Galatasaray<\/a> hem de <a href=\"https:\/\/www.fotomac.com.tr\/haberleri\/fenerbahce\" target=\"_blank\" class=\"tkktLnk\" rel=\"noopener\">Fenerbah\u00e7e<\/a> yaz transfer d\u00f6neminde yapt\u0131klar\u0131 transferlerle ad\u0131ndan s\u00f6z ettirerek b\u00fcy\u00fck ses getirdi.<\/p>\n<p>  &#13;<br \/>\n&#13;<br \/>\n&#13;<br \/>\n                                <\/section>\n<\/p><\/div>\n<div data-index=\"2\">\n<figure class=\"featured-image view-10 view-md-20\">&#13;<br \/>\n                                    <a href=\"https:\/\/iaftm.tmgrup.com.tr\/7143da\/0\/0\/0\/0\/0\/0?u=https:\/\/iaspr.tmgrup.com.tr\/album\/2023\/08\/18\/fenerbahce-ve-galatasaraya-transferde-fransiz-rakip-pazarlik-masasi-1692373593606.jpg&amp;mw=1200&amp;l=1\" class=\"fancybox-effects\">&#13;\n                                        <picture>&#13;<br \/>\n                                            <img decoding=\"async\" src=\"https:\/\/iaftm.tmgrup.com.tr\/a8e85c\/0\/0\/0\/0\/0\/0?u=https:\/\/iaspr.tmgrup.com.tr\/album\/2023\/08\/18\/fenerbahce-ve-galatasaraya-transferde-fransiz-rakip-pazarlik-masasi-1692373593606.jpg&amp;mw=752&amp;mh=700&amp;l=1\" alt=\"TRANSFER HABER, - Fenerbah\u00e7e ve Galatasaray'a Ndombele'den k\u00f6t\u00fc haber!\" class=\"lazyload\"\/> <!-- mobile -->&#13;\n                                        <\/picture>&#13;<br \/>\n                                    <\/a>&#13;<br \/>\n                                <\/figure>\n<section class=\"detail-text-content\">&#13;<\/p>\n<p>Daha \u00f6nce defalarca \u015fahit oldu\u011fumuz gibi, iki \u0130stanbul devi bu s\u00fcre\u00e7te de y\u0131ld\u0131z isimler i\u00e7in birka\u00e7 kez kar\u015f\u0131 kar\u015f\u0131ya geldi.<\/p>\n<p>  &#13;<br \/>\n&#13;<br \/>\n&#13;<br \/>\n                                <\/section>\n<\/p><\/div>\n<div data-index=\"3\">\n<figure class=\"featured-image view-10 view-md-20\">&#13;<br \/>\n                                    <a href=\"https:\/\/iaftm.tmgrup.com.tr\/95a483\/0\/0\/0\/0\/0\/0?u=https:\/\/iaspr.tmgrup.com.tr\/album\/2023\/08\/18\/fenerbahce-ve-galatasaraya-transferde-fransiz-rakip-pazarlik-masasi-1692373598977.jpg&amp;mw=1200&amp;l=1\" class=\"fancybox-effects\">&#13;\n                                        <picture>&#13;<br \/>\n                                            <img decoding=\"async\" src=\"https:\/\/iaftm.tmgrup.com.tr\/20adff\/0\/0\/0\/0\/0\/0?u=https:\/\/iaspr.tmgrup.com.tr\/album\/2023\/08\/18\/fenerbahce-ve-galatasaraya-transferde-fransiz-rakip-pazarlik-masasi-1692373598977.jpg&amp;mw=752&amp;mh=700&amp;l=1\" alt=\"TRANSFER HABER, - Fenerbah\u00e7e ve Galatasaray'a Ndombele'den k\u00f6t\u00fc haber!\" class=\"lazyload\"\/> <!-- mobile -->&#13;\n                                        <\/picture>&#13;<br \/>\n                                    <\/a>&#13;<br \/>\n                                <\/figure>\n<section class=\"detail-text-content\">&#13;<\/p>\n<p>\u0130ki ekip ilk olarak <a href=\"https:\/\/www.fotomac.com.tr\/haberleri\/wilfried-zaha\" target=\"_blank\" class=\"tkktLnk\" rel=\"noopener\">Wilfried Zaha<\/a> i\u00e7in transfer yar\u0131\u015f\u0131na girmi\u015fti.<\/p>\n<p>  &#13;<br \/>\n&#13;<br \/>\n&#13;<br \/>\n                                <\/section>\n<\/p><\/div>\n","protected":false},"excerpt":{"rendered":"<p>< &#13; &#13; &#13; &#13; &#13; &#13; &#13; Hem Galatasaray hem de Fenerbah\u00e7e yaz transfer\n<\/p>\n","protected":false},"author":1,"featured_media":2226,"comment_status":"open","ping_status":"open","sticky":false,"template":"","format":"standard","meta":{"footnotes":""},"categories":[29],"tags":[],"class_list":["post-2225","post","type-post","status-publish","format-standard","has-post-thumbnail","hentry","category-spor"],"_links":{"self":[{"href":"https:\/\/haberkaradenizim.com\/index.php\/wp-json\/wp\/v2\/posts\/2225","targetHints":{"allow":["GET"]}}],"collection":[{"href":"https:\/\/haberkaradenizim.com\/index.php\/wp-json\/wp\/v2\/posts"}],"about":[{"href":"https:\/\/haberkaradenizim.com\/index.php\/wp-json\/wp\/v2\/types\/post"}],"author":[{"embeddable":true,"href":"https:\/\/haberkaradenizim.com\/index.php\/wp-json\/wp\/v2\/users\/1"}],"replies":[{"embeddable":true,"href":"https:\/\/haberkaradenizim.com\/index.php\/wp-json\/wp\/v2\/comments?post=2225"}],"version-history":[{"count":0,"href":"https:\/\/haberkaradenizim.com\/index.php\/wp-json\/wp\/v2\/posts\/2225\/revisions"}],"wp:featuredmedia":[{"embeddable":true,"href":"https:\/\/haberkaradenizim.com\/index.php\/wp-json\/wp\/v2\/media\/2226"}],"wp:attachment":[{"href":"https:\/\/haberkaradenizim.com\/index.php\/wp-json\/wp\/v2\/media?parent=2225"}],"wp:term":[{"taxonomy":"category","embeddable":true,"href":"https:\/\/haberkaradenizim.com\/index.php\/wp-json\/wp\/v2\/categories?post=2225"},{"taxonomy":"post_tag","embeddable":true,"href":"https:\/\/haberkaradenizim.com\/index.php\/wp-json\/wp\/v2\/tags?post=2225"}],"curies":[{"name":"wp","href":"https:\/\/api.w.org\/{rel}","templated":true}]}}