{"id":2177,"date":"2023-08-14T08:40:48","date_gmt":"2023-08-14T05:40:48","guid":{"rendered":"https:\/\/haberkaradenizim.com\/index.php\/2023\/08\/14\/bergen-filmi-rekora-kosuyor\/"},"modified":"2023-08-14T08:40:48","modified_gmt":"2023-08-14T05:40:48","slug":"bergen-filmi-rekora-kosuyor","status":"publish","type":"post","link":"https:\/\/haberkaradenizim.com\/index.php\/2023\/08\/14\/bergen-filmi-rekora-kosuyor\/","title":{"rendered":"Bergen filmi rekora ko\u015fuyor !"},"content":{"rendered":"<p><img decoding=\"async\" src=\"https:\/\/www.magazinhaber.com.tr\/images\/haberler\/2022\/03\/bergen-filmi-rekora-kosuyor-1647694045.jpg\" \/><\/p>\n<p>Bergen filmi 2.haftan\u0131n sonunda 3 milyon izlenmeyi a\u015ft\u0131 ve 3,373,947 seyirci taraf\u0131ndan izlendi..<\/p>\n","protected":false},"excerpt":{"rendered":"<p>Bergen filmi 2.haftan\u0131n sonunda 3 milyon izlenmeyi a\u015ft\u0131 ve 3,373,947 seyirci taraf\u0131ndan izlendi..<\/p>\n","protected":false},"author":1,"featured_media":2178,"comment_status":"open","ping_status":"open","sticky":false,"template":"","format":"standard","meta":{"footnotes":""},"categories":[1],"tags":[],"class_list":["post-2177","post","type-post","status-publish","format-standard","has-post-thumbnail","hentry","category-blog"],"_links":{"self":[{"href":"https:\/\/haberkaradenizim.com\/index.php\/wp-json\/wp\/v2\/posts\/2177","targetHints":{"allow":["GET"]}}],"collection":[{"href":"https:\/\/haberkaradenizim.com\/index.php\/wp-json\/wp\/v2\/posts"}],"about":[{"href":"https:\/\/haberkaradenizim.com\/index.php\/wp-json\/wp\/v2\/types\/post"}],"author":[{"embeddable":true,"href":"https:\/\/haberkaradenizim.com\/index.php\/wp-json\/wp\/v2\/users\/1"}],"replies":[{"embeddable":true,"href":"https:\/\/haberkaradenizim.com\/index.php\/wp-json\/wp\/v2\/comments?post=2177"}],"version-history":[{"count":0,"href":"https:\/\/haberkaradenizim.com\/index.php\/wp-json\/wp\/v2\/posts\/2177\/revisions"}],"wp:featuredmedia":[{"embeddable":true,"href":"https:\/\/haberkaradenizim.com\/index.php\/wp-json\/wp\/v2\/media\/2178"}],"wp:attachment":[{"href":"https:\/\/haberkaradenizim.com\/index.php\/wp-json\/wp\/v2\/media?parent=2177"}],"wp:term":[{"taxonomy":"category","embeddable":true,"href":"https:\/\/haberkaradenizim.com\/index.php\/wp-json\/wp\/v2\/categories?post=2177"},{"taxonomy":"post_tag","embeddable":true,"href":"https:\/\/haberkaradenizim.com\/index.php\/wp-json\/wp\/v2\/tags?post=2177"}],"curies":[{"name":"wp","href":"https:\/\/api.w.org\/{rel}","templated":true}]}}